{"id":5327,"date":"2025-08-09T17:32:48","date_gmt":"2025-08-09T16:32:48","guid":{"rendered":"https:\/\/joxovurdnews.am\/?p=5327"},"modified":"2025-08-09T17:32:50","modified_gmt":"2025-08-09T16:32:50","slug":"elle-ne-quittait-pas-des-yeux-mon-fils-de-3-ans-dans-lavion-et-ecrivait-sans-cesse-dans-son-carnet-quand-jai-decouvert-pourquoi-je-suis-restee-sans-voix","status":"publish","type":"post","link":"https:\/\/joxovurdnews.am\/?p=5327","title":{"rendered":"Elle ne quittait pas des yeux mon fils de 3 ans dans l\u2019avion \u2014 et \u00e9crivait sans cesse dans son carnet. Quand j\u2019ai d\u00e9couvert pourquoi, je suis rest\u00e9e sans voix"},"content":{"rendered":"\n<p>Je n&#8217;aime pas prendre l\u2019avion.<br>Encore moins depuis que je suis maman. Voyager seule avec un enfant de trois ans, c\u2019est une aventure \u00e0 chaque \u00e9tape : les contr\u00f4les de s\u00e9curit\u00e9, le sac rempli de jouets, les regards agac\u00e9s d\u00e8s qu\u2019il rit trop fort ou pleure trop longtemps.<\/p>\n\n\n\n<figure class=\"wp-block-image size-full\"><img loading=\"lazy\" decoding=\"async\" width=\"1024\" height=\"1024\" src=\"https:\/\/joxovurdnews.am\/wp-content\/uploads\/2025\/08\/image-37.png\" alt=\"\" class=\"wp-image-5328\" srcset=\"https:\/\/joxovurdnews.am\/wp-content\/uploads\/2025\/08\/image-37.png 1024w, https:\/\/joxovurdnews.am\/wp-content\/uploads\/2025\/08\/image-37-300x300.png 300w, https:\/\/joxovurdnews.am\/wp-content\/uploads\/2025\/08\/image-37-150x150.png 150w, https:\/\/joxovurdnews.am\/wp-content\/uploads\/2025\/08\/image-37-768x768.png 768w\" sizes=\"auto, (max-width: 1024px) 100vw, 1024px\" \/><\/figure>\n\n\n\n<p>Ce jour-l\u00e0, on prenait un vol Paris\u2013Montr\u00e9al. Huit heures dans les airs. Moi, mon petit gar\u00e7on <strong>L\u00e9o<\/strong>, une tablette d\u00e9charg\u00e9e\u2026 et une inconnue assise \u00e0 c\u00f4t\u00e9 de nous.<br>Une femme d\u2019une soixantaine d\u2019ann\u00e9es. Cheveux argent\u00e9s attach\u00e9s en chignon, lunettes \u00e9paisses, un pull beige parfaitement pli\u00e9 sur ses genoux. Tr\u00e8s calme. Trop calme.<\/p>\n\n\n\n<p>Mais ce qui m\u2019a mise mal \u00e0 l\u2019aise d\u00e8s les premi\u00e8res minutes, c\u2019est <strong>qu\u2019elle fixait L\u00e9o.<\/strong><\/p>\n\n\n\n<hr class=\"wp-block-separator has-alpha-channel-opacity\"\/>\n\n\n\n<h3 class=\"wp-block-heading\">Les premi\u00e8res heures du vol<\/h3>\n\n\n\n<p>Je l\u2019ai d\u2019abord remarqu\u00e9e au d\u00e9collage. L\u00e9o \u00e9tait coll\u00e9 au hublot, \u00e9merveill\u00e9. Il faisait de petits bruits d\u2019\u00e9tonnement. La dame, elle, <strong>le regardait intens\u00e9ment<\/strong>. Pas avec un sourire attendri, mais plut\u00f4t comme si\u2026 elle l\u2019\u00e9tudiait.<br>Et surtout, elle \u00e9crivait. <strong>Beaucoup.<\/strong><\/p>\n\n\n\n<p>Elle avait un vieux carnet \u00e0 spirale, \u00e0 moiti\u00e9 us\u00e9. \u00c0 chaque fois que L\u00e9o riait, parlait ou m\u00eame bougeait, elle notait quelque chose. Des lignes enti\u00e8res. En silence.<\/p>\n\n\n\n<p>Je me suis tendue. Je l\u2019ai observ\u00e9e du coin de l\u2019\u0153il pendant des heures, tentant d\u2019ignorer l\u2019inqui\u00e9tude qui montait. \u00c9tait-elle \u00e9trange ? Dangereuse ?<br>Avait-elle un probl\u00e8me ? Ou\u2026 \u00e9tait-ce juste moi, la m\u00e8re trop protectrice ?<\/p>\n\n\n\n<hr class=\"wp-block-separator has-alpha-channel-opacity\"\/>\n\n\n\n<h3 class=\"wp-block-heading\">Un moment d\u00e9routant<\/h3>\n\n\n\n<p>\u00c0 mi-vol, L\u00e9o s\u2019est endormi. Sa t\u00eate sur mes genoux, ses petites mains serrant sa peluche. Et l\u00e0, la femme a sorti <strong>une photo ancienne<\/strong>, us\u00e9e sur les bords. Elle l\u2019a pos\u00e9e doucement sur sa tablette, et a continu\u00e9 \u00e0 \u00e9crire.<\/p>\n\n\n\n<p>Mon c\u0153ur s\u2019est mis \u00e0 battre plus vite.<br>Je n\u2019arrivais plus \u00e0 me retenir. Je me suis pench\u00e9e et, d\u2019une voix un peu s\u00e8che, j\u2019ai demand\u00e9 :<\/p>\n\n\n\n<blockquote class=\"wp-block-quote is-layout-flow wp-block-quote-is-layout-flow\">\n<p>\u2014 Vous \u00e9crivez sur mon fils ?<\/p>\n<\/blockquote>\n\n\n\n<p>Elle m\u2019a regard\u00e9e. Pas surprise. Pas offens\u00e9e non plus. Juste\u2026 triste.<\/p>\n\n\n\n<blockquote class=\"wp-block-quote is-layout-flow wp-block-quote-is-layout-flow\">\n<p>\u2014 Oui, madame. Mais je vous dois une explication.<\/p>\n<\/blockquote>\n\n\n\n<hr class=\"wp-block-separator has-alpha-channel-opacity\"\/>\n\n\n\n<h3 class=\"wp-block-heading\">La v\u00e9rit\u00e9<\/h3>\n\n\n\n<p>Elle m\u2019a tendu la photo.<\/p>\n\n\n\n<p>C\u2019\u00e9tait un petit gar\u00e7on blond, \u00e0 peu pr\u00e8s du m\u00eame \u00e2ge que L\u00e9o. M\u00eame sourire espi\u00e8gle, m\u00eames grands yeux brillants.<br>Elle m\u2019a dit :<\/p>\n\n\n\n<blockquote class=\"wp-block-quote is-layout-flow wp-block-quote-is-layout-flow\">\n<p>\u2014 Il s\u2019appelait Arthur. Mon fils. Il est d\u00e9c\u00e9d\u00e9 il y a 37 ans.<br>Je ne l\u2019ai jamais oubli\u00e9. Et depuis, j\u2019\u00e9cris. Tout ce que je n\u2019ai pas eu le temps de vivre avec lui.<br>Aujourd\u2019hui, en regardant votre petit gar\u00e7on, je l\u2019ai revu. Pas physiquement, non. Mais dans l\u2019\u00e9nergie, la curiosit\u00e9, la joie pure.<br>Et alors j\u2019ai repris mon carnet. J\u2019ai imagin\u00e9 ce qu\u2019Arthur aurait fait \u00e0 cet \u00e2ge-l\u00e0. S\u2019il avait pu vivre.<\/p>\n<\/blockquote>\n\n\n\n<p>Je suis rest\u00e9e fig\u00e9e.<br>Sans voix.<\/p>\n\n\n\n<hr class=\"wp-block-separator has-alpha-channel-opacity\"\/>\n\n\n\n<h3 class=\"wp-block-heading\">Un lien inattendu<\/h3>\n\n\n\n<p>Elle n\u2019a pas pleur\u00e9. Elle n\u2019en avait pas besoin. Il y avait une telle douceur dans sa voix, une telle r\u00e9signation paisible, que <strong>j\u2019ai senti mes propres yeux se remplir de larmes<\/strong>.<\/p>\n\n\n\n<blockquote class=\"wp-block-quote is-layout-flow wp-block-quote-is-layout-flow\">\n<p>\u2014 Je suis d\u00e9sol\u00e9e si je vous ai inqui\u00e9t\u00e9e, ajouta-t-elle. Je ne voulais pas \u00eatre intrusive. Je voulais simplement\u2026 remercier la vie, d\u2019une certaine mani\u00e8re. Et me souvenir.<\/p>\n<\/blockquote>\n\n\n\n<p>Je lui ai serr\u00e9 la main. Fort.<br>Et pendant le reste du vol, nous n\u2019avons plus rien dit. Mais elle a continu\u00e9 \u00e0 \u00e9crire. Et moi, j\u2019ai tenu L\u00e9o un peu plus fort contre moi.<\/p>\n\n\n\n<hr class=\"wp-block-separator has-alpha-channel-opacity\"\/>\n\n\n\n<h3 class=\"wp-block-heading\">L\u2019atterrissage<\/h3>\n\n\n\n<p>Juste avant de quitter l\u2019avion, elle m\u2019a tendu <strong>une page d\u00e9chir\u00e9e de son carnet<\/strong>.<\/p>\n\n\n\n<blockquote class=\"wp-block-quote is-layout-flow wp-block-quote-is-layout-flow\">\n<p>\u2014 Ce n\u2019est qu\u2019un petit texte. Mais il est pour vous. Et pour lui.<\/p>\n<\/blockquote>\n\n\n\n<p>Je ne l\u2019ai lu que le soir, \u00e0 l\u2019h\u00f4tel.<br>Quelques lignes, manuscrites :<\/p>\n\n\n\n<blockquote class=\"wp-block-quote is-layout-flow wp-block-quote-is-layout-flow\">\n<p><em>\u00ab Aujourd\u2019hui, dans le si\u00e8ge 32A, j\u2019ai vu la vie que j\u2019avais r\u00eav\u00e9e. Pas \u00e0 moi. Mais offerte \u00e0 une autre maman. Et cela m\u2019a suffi. Merci \u00e0 cet enfant inconnu qui m\u2019a ramen\u00e9e, l\u2019espace d\u2019un vol, \u00e0 mon fils. \u00bb<\/em><\/p>\n<\/blockquote>\n\n\n\n<hr class=\"wp-block-separator has-alpha-channel-opacity\"\/>\n\n\n\n<h3 class=\"wp-block-heading\">Depuis ce jour<\/h3>\n\n\n\n<p>Je ne connais pas son nom.<br>Je ne sais pas si je la reverrai un jour.<\/p>\n\n\n\n<p>Mais \u00e0 chaque fois que L\u00e9o rit, saute dans les flaques, dessine un bonhomme tordu\u2026 je pense \u00e0 Arthur.<br>Et \u00e0 une femme silencieuse, dans un avion, qui \u00e9crivait dans un vieux carnet pour <strong>ne pas oublier l\u2019amour d\u2019une vie trop courte.<\/strong><\/p>\n","protected":false},"excerpt":{"rendered":"Je n&#8217;aime pas prendre l\u2019avion.Encore moins depuis que je suis maman. Voyager seule avec un enfant de trois ans, c\u2019est une aventure \u00e0 \n<a class=\"moretag\" href=\"https:\/\/joxovurdnews.am\/?p=5327\"> [...]<\/a>","protected":false},"author":1,"featured_media":5328,"comment_status":"open","ping_status":"open","sticky":false,"template":"","format":"standard","meta":{"footnotes":""},"categories":[1],"tags":[],"class_list":["post-5327","post","type-post","status-publish","format-standard","has-post-thumbnail","hentry","category-uncategorised"],"yoast_head":"<!-- This site is optimized with the Yoast SEO plugin v27.4 - https:\/\/yoast.com\/product\/yoast-seo-wordpress\/ -->\n<title>Elle ne quittait pas des yeux mon fils de 3 ans dans l\u2019avion \u2014 et \u00e9crivait sans cesse dans son carnet. Quand j\u2019ai d\u00e9couvert pourquoi, je suis rest\u00e9e sans voix -<\/title>\n<meta name=\"robots\" content=\"index, follow, max-snippet:-1, max-image-preview:large, max-video-preview:-1\" \/>\n<link rel=\"canonical\" href=\"https:\/\/joxovurdnews.am\/?p=5327\" \/>\n<meta property=\"og:locale\" content=\"en_US\" \/>\n<meta property=\"og:type\" content=\"article\" \/>\n<meta property=\"og:title\" content=\"Elle ne quittait pas des yeux mon fils de 3 ans dans l\u2019avion \u2014 et \u00e9crivait sans cesse dans son carnet. Quand j\u2019ai d\u00e9couvert pourquoi, je suis rest\u00e9e sans voix -\" \/>\n<meta property=\"og:description\" content=\"Je n&#8217;aime pas prendre l\u2019avion.Encore moins depuis que je suis maman. Voyager seule avec un enfant de trois ans, c\u2019est une aventure \u00e0\" \/>\n<meta property=\"og:url\" content=\"https:\/\/joxovurdnews.am\/?p=5327\" \/>\n<meta property=\"article:published_time\" content=\"2025-08-09T16:32:48+00:00\" \/>\n<meta property=\"article:modified_time\" content=\"2025-08-09T16:32:50+00:00\" \/>\n<meta property=\"og:image\" content=\"https:\/\/joxovurdnews.am\/wp-content\/uploads\/2025\/08\/image-37.png\" \/>\n\t<meta property=\"og:image:width\" content=\"1024\" \/>\n\t<meta property=\"og:image:height\" content=\"1024\" \/>\n\t<meta property=\"og:image:type\" content=\"image\/png\" \/>\n<meta name=\"author\" content=\"admin\" \/>\n<meta name=\"twitter:card\" content=\"summary_large_image\" \/>\n<meta name=\"twitter:label1\" content=\"Written by\" \/>\n\t<meta name=\"twitter:data1\" content=\"admin\" \/>\n\t<meta name=\"twitter:label2\" content=\"Est. reading time\" \/>\n\t<meta name=\"twitter:data2\" content=\"3 minutes\" \/>\n<script type=\"application\/ld+json\" class=\"yoast-schema-graph\">{\"@context\":\"https:\\\/\\\/schema.org\",\"@graph\":[{\"@type\":\"Article\",\"@id\":\"https:\\\/\\\/joxovurdnews.am\\\/?p=5327#article\",\"isPartOf\":{\"@id\":\"https:\\\/\\\/joxovurdnews.am\\\/?p=5327\"},\"author\":{\"name\":\"admin\",\"@id\":\"http:\\\/\\\/joxovurdnews.am\\\/#\\\/schema\\\/person\\\/4d367c54c9e2a9d36db9eaf33a76a84d\"},\"headline\":\"Elle ne quittait pas des yeux mon fils de 3 ans dans l\u2019avion \u2014 et \u00e9crivait sans cesse dans son carnet. Quand j\u2019ai d\u00e9couvert pourquoi, je suis rest\u00e9e sans voix\",\"datePublished\":\"2025-08-09T16:32:48+00:00\",\"dateModified\":\"2025-08-09T16:32:50+00:00\",\"mainEntityOfPage\":{\"@id\":\"https:\\\/\\\/joxovurdnews.am\\\/?p=5327\"},\"wordCount\":802,\"commentCount\":0,\"image\":{\"@id\":\"https:\\\/\\\/joxovurdnews.am\\\/?p=5327#primaryimage\"},\"thumbnailUrl\":\"https:\\\/\\\/joxovurdnews.am\\\/wp-content\\\/uploads\\\/2025\\\/08\\\/image-37.png\",\"articleSection\":[\"NEWS\"],\"inLanguage\":\"en-US\",\"potentialAction\":[{\"@type\":\"CommentAction\",\"name\":\"Comment\",\"target\":[\"https:\\\/\\\/joxovurdnews.am\\\/?p=5327#respond\"]}]},{\"@type\":\"WebPage\",\"@id\":\"https:\\\/\\\/joxovurdnews.am\\\/?p=5327\",\"url\":\"https:\\\/\\\/joxovurdnews.am\\\/?p=5327\",\"name\":\"Elle ne quittait pas des yeux mon fils de 3 ans dans l\u2019avion \u2014 et \u00e9crivait sans cesse dans son carnet. Quand j\u2019ai d\u00e9couvert pourquoi, je suis rest\u00e9e sans voix -\",\"isPartOf\":{\"@id\":\"http:\\\/\\\/joxovurdnews.am\\\/#website\"},\"primaryImageOfPage\":{\"@id\":\"https:\\\/\\\/joxovurdnews.am\\\/?p=5327#primaryimage\"},\"image\":{\"@id\":\"https:\\\/\\\/joxovurdnews.am\\\/?p=5327#primaryimage\"},\"thumbnailUrl\":\"https:\\\/\\\/joxovurdnews.am\\\/wp-content\\\/uploads\\\/2025\\\/08\\\/image-37.png\",\"datePublished\":\"2025-08-09T16:32:48+00:00\",\"dateModified\":\"2025-08-09T16:32:50+00:00\",\"author\":{\"@id\":\"http:\\\/\\\/joxovurdnews.am\\\/#\\\/schema\\\/person\\\/4d367c54c9e2a9d36db9eaf33a76a84d\"},\"breadcrumb\":{\"@id\":\"https:\\\/\\\/joxovurdnews.am\\\/?p=5327#breadcrumb\"},\"inLanguage\":\"en-US\",\"potentialAction\":[{\"@type\":\"ReadAction\",\"target\":[\"https:\\\/\\\/joxovurdnews.am\\\/?p=5327\"]}]},{\"@type\":\"ImageObject\",\"inLanguage\":\"en-US\",\"@id\":\"https:\\\/\\\/joxovurdnews.am\\\/?p=5327#primaryimage\",\"url\":\"https:\\\/\\\/joxovurdnews.am\\\/wp-content\\\/uploads\\\/2025\\\/08\\\/image-37.png\",\"contentUrl\":\"https:\\\/\\\/joxovurdnews.am\\\/wp-content\\\/uploads\\\/2025\\\/08\\\/image-37.png\",\"width\":1024,\"height\":1024},{\"@type\":\"BreadcrumbList\",\"@id\":\"https:\\\/\\\/joxovurdnews.am\\\/?p=5327#breadcrumb\",\"itemListElement\":[{\"@type\":\"ListItem\",\"position\":1,\"name\":\"Home\",\"item\":\"http:\\\/\\\/joxovurdnews.am\\\/\"},{\"@type\":\"ListItem\",\"position\":2,\"name\":\"Elle ne quittait pas des yeux mon fils de 3 ans dans l\u2019avion \u2014 et \u00e9crivait sans cesse dans son carnet. Quand j\u2019ai d\u00e9couvert pourquoi, je suis rest\u00e9e sans voix\"}]},{\"@type\":\"WebSite\",\"@id\":\"http:\\\/\\\/joxovurdnews.am\\\/#website\",\"url\":\"http:\\\/\\\/joxovurdnews.am\\\/\",\"name\":\"\",\"description\":\"\",\"potentialAction\":[{\"@type\":\"SearchAction\",\"target\":{\"@type\":\"EntryPoint\",\"urlTemplate\":\"http:\\\/\\\/joxovurdnews.am\\\/?s={search_term_string}\"},\"query-input\":{\"@type\":\"PropertyValueSpecification\",\"valueRequired\":true,\"valueName\":\"search_term_string\"}}],\"inLanguage\":\"en-US\"},{\"@type\":\"Person\",\"@id\":\"http:\\\/\\\/joxovurdnews.am\\\/#\\\/schema\\\/person\\\/4d367c54c9e2a9d36db9eaf33a76a84d\",\"name\":\"admin\",\"image\":{\"@type\":\"ImageObject\",\"inLanguage\":\"en-US\",\"@id\":\"https:\\\/\\\/secure.gravatar.com\\\/avatar\\\/0ed435f9e4056e0930898ce78c89fa82fe18d3c798c761c71f1f33be878b3b0b?s=96&d=mm&r=g\",\"url\":\"https:\\\/\\\/secure.gravatar.com\\\/avatar\\\/0ed435f9e4056e0930898ce78c89fa82fe18d3c798c761c71f1f33be878b3b0b?s=96&d=mm&r=g\",\"contentUrl\":\"https:\\\/\\\/secure.gravatar.com\\\/avatar\\\/0ed435f9e4056e0930898ce78c89fa82fe18d3c798c761c71f1f33be878b3b0b?s=96&d=mm&r=g\",\"caption\":\"admin\"},\"sameAs\":[\"http:\\\/\\\/joxovurdnews.am\"],\"url\":\"https:\\\/\\\/joxovurdnews.am\\\/?author=1\"}]}<\/script>\n<!-- \/ Yoast SEO plugin. -->","yoast_head_json":{"title":"Elle ne quittait pas des yeux mon fils de 3 ans dans l\u2019avion \u2014 et \u00e9crivait sans cesse dans son carnet. Quand j\u2019ai d\u00e9couvert pourquoi, je suis rest\u00e9e sans voix -","robots":{"index":"index","follow":"follow","max-snippet":"max-snippet:-1","max-image-preview":"max-image-preview:large","max-video-preview":"max-video-preview:-1"},"canonical":"https:\/\/joxovurdnews.am\/?p=5327","og_locale":"en_US","og_type":"article","og_title":"Elle ne quittait pas des yeux mon fils de 3 ans dans l\u2019avion \u2014 et \u00e9crivait sans cesse dans son carnet. Quand j\u2019ai d\u00e9couvert pourquoi, je suis rest\u00e9e sans voix -","og_description":"Je n&#8217;aime pas prendre l\u2019avion.Encore moins depuis que je suis maman. Voyager seule avec un enfant de trois ans, c\u2019est une aventure \u00e0","og_url":"https:\/\/joxovurdnews.am\/?p=5327","article_published_time":"2025-08-09T16:32:48+00:00","article_modified_time":"2025-08-09T16:32:50+00:00","og_image":[{"width":1024,"height":1024,"url":"https:\/\/joxovurdnews.am\/wp-content\/uploads\/2025\/08\/image-37.png","type":"image\/png"}],"author":"admin","twitter_card":"summary_large_image","twitter_misc":{"Written by":"admin","Est. reading time":"3 minutes"},"schema":{"@context":"https:\/\/schema.org","@graph":[{"@type":"Article","@id":"https:\/\/joxovurdnews.am\/?p=5327#article","isPartOf":{"@id":"https:\/\/joxovurdnews.am\/?p=5327"},"author":{"name":"admin","@id":"http:\/\/joxovurdnews.am\/#\/schema\/person\/4d367c54c9e2a9d36db9eaf33a76a84d"},"headline":"Elle ne quittait pas des yeux mon fils de 3 ans dans l\u2019avion \u2014 et \u00e9crivait sans cesse dans son carnet. Quand j\u2019ai d\u00e9couvert pourquoi, je suis rest\u00e9e sans voix","datePublished":"2025-08-09T16:32:48+00:00","dateModified":"2025-08-09T16:32:50+00:00","mainEntityOfPage":{"@id":"https:\/\/joxovurdnews.am\/?p=5327"},"wordCount":802,"commentCount":0,"image":{"@id":"https:\/\/joxovurdnews.am\/?p=5327#primaryimage"},"thumbnailUrl":"https:\/\/joxovurdnews.am\/wp-content\/uploads\/2025\/08\/image-37.png","articleSection":["NEWS"],"inLanguage":"en-US","potentialAction":[{"@type":"CommentAction","name":"Comment","target":["https:\/\/joxovurdnews.am\/?p=5327#respond"]}]},{"@type":"WebPage","@id":"https:\/\/joxovurdnews.am\/?p=5327","url":"https:\/\/joxovurdnews.am\/?p=5327","name":"Elle ne quittait pas des yeux mon fils de 3 ans dans l\u2019avion \u2014 et \u00e9crivait sans cesse dans son carnet. Quand j\u2019ai d\u00e9couvert pourquoi, je suis rest\u00e9e sans voix -","isPartOf":{"@id":"http:\/\/joxovurdnews.am\/#website"},"primaryImageOfPage":{"@id":"https:\/\/joxovurdnews.am\/?p=5327#primaryimage"},"image":{"@id":"https:\/\/joxovurdnews.am\/?p=5327#primaryimage"},"thumbnailUrl":"https:\/\/joxovurdnews.am\/wp-content\/uploads\/2025\/08\/image-37.png","datePublished":"2025-08-09T16:32:48+00:00","dateModified":"2025-08-09T16:32:50+00:00","author":{"@id":"http:\/\/joxovurdnews.am\/#\/schema\/person\/4d367c54c9e2a9d36db9eaf33a76a84d"},"breadcrumb":{"@id":"https:\/\/joxovurdnews.am\/?p=5327#breadcrumb"},"inLanguage":"en-US","potentialAction":[{"@type":"ReadAction","target":["https:\/\/joxovurdnews.am\/?p=5327"]}]},{"@type":"ImageObject","inLanguage":"en-US","@id":"https:\/\/joxovurdnews.am\/?p=5327#primaryimage","url":"https:\/\/joxovurdnews.am\/wp-content\/uploads\/2025\/08\/image-37.png","contentUrl":"https:\/\/joxovurdnews.am\/wp-content\/uploads\/2025\/08\/image-37.png","width":1024,"height":1024},{"@type":"BreadcrumbList","@id":"https:\/\/joxovurdnews.am\/?p=5327#breadcrumb","itemListElement":[{"@type":"ListItem","position":1,"name":"Home","item":"http:\/\/joxovurdnews.am\/"},{"@type":"ListItem","position":2,"name":"Elle ne quittait pas des yeux mon fils de 3 ans dans l\u2019avion \u2014 et \u00e9crivait sans cesse dans son carnet. Quand j\u2019ai d\u00e9couvert pourquoi, je suis rest\u00e9e sans voix"}]},{"@type":"WebSite","@id":"http:\/\/joxovurdnews.am\/#website","url":"http:\/\/joxovurdnews.am\/","name":"","description":"","potentialAction":[{"@type":"SearchAction","target":{"@type":"EntryPoint","urlTemplate":"http:\/\/joxovurdnews.am\/?s={search_term_string}"},"query-input":{"@type":"PropertyValueSpecification","valueRequired":true,"valueName":"search_term_string"}}],"inLanguage":"en-US"},{"@type":"Person","@id":"http:\/\/joxovurdnews.am\/#\/schema\/person\/4d367c54c9e2a9d36db9eaf33a76a84d","name":"admin","image":{"@type":"ImageObject","inLanguage":"en-US","@id":"https:\/\/secure.gravatar.com\/avatar\/0ed435f9e4056e0930898ce78c89fa82fe18d3c798c761c71f1f33be878b3b0b?s=96&d=mm&r=g","url":"https:\/\/secure.gravatar.com\/avatar\/0ed435f9e4056e0930898ce78c89fa82fe18d3c798c761c71f1f33be878b3b0b?s=96&d=mm&r=g","contentUrl":"https:\/\/secure.gravatar.com\/avatar\/0ed435f9e4056e0930898ce78c89fa82fe18d3c798c761c71f1f33be878b3b0b?s=96&d=mm&r=g","caption":"admin"},"sameAs":["http:\/\/joxovurdnews.am"],"url":"https:\/\/joxovurdnews.am\/?author=1"}]}},"views":465,"_links":{"self":[{"href":"https:\/\/joxovurdnews.am\/index.php?rest_route=\/wp\/v2\/posts\/5327","targetHints":{"allow":["GET"]}}],"collection":[{"href":"https:\/\/joxovurdnews.am\/index.php?rest_route=\/wp\/v2\/posts"}],"about":[{"href":"https:\/\/joxovurdnews.am\/index.php?rest_route=\/wp\/v2\/types\/post"}],"author":[{"embeddable":true,"href":"https:\/\/joxovurdnews.am\/index.php?rest_route=\/wp\/v2\/users\/1"}],"replies":[{"embeddable":true,"href":"https:\/\/joxovurdnews.am\/index.php?rest_route=%2Fwp%2Fv2%2Fcomments&post=5327"}],"version-history":[{"count":1,"href":"https:\/\/joxovurdnews.am\/index.php?rest_route=\/wp\/v2\/posts\/5327\/revisions"}],"predecessor-version":[{"id":5329,"href":"https:\/\/joxovurdnews.am\/index.php?rest_route=\/wp\/v2\/posts\/5327\/revisions\/5329"}],"wp:featuredmedia":[{"embeddable":true,"href":"https:\/\/joxovurdnews.am\/index.php?rest_route=\/wp\/v2\/media\/5328"}],"wp:attachment":[{"href":"https:\/\/joxovurdnews.am\/index.php?rest_route=%2Fwp%2Fv2%2Fmedia&parent=5327"}],"wp:term":[{"taxonomy":"category","embeddable":true,"href":"https:\/\/joxovurdnews.am\/index.php?rest_route=%2Fwp%2Fv2%2Fcategories&post=5327"},{"taxonomy":"post_tag","embeddable":true,"href":"https:\/\/joxovurdnews.am\/index.php?rest_route=%2Fwp%2Fv2%2Ftags&post=5327"}],"curies":[{"name":"wp","href":"https:\/\/api.w.org\/{rel}","templated":true}]}}