{"id":5297,"date":"2025-08-07T10:26:52","date_gmt":"2025-08-07T09:26:52","guid":{"rendered":"https:\/\/joxovurdnews.am\/?p=5297"},"modified":"2025-08-07T10:26:54","modified_gmt":"2025-08-07T09:26:54","slug":"lenfer-sest-dechaine-pendant-les-funerailles-le-cercueil-dune-fillette-de-8-ans-a-pris-feu-quand-la-verite-a-eclate-sa-famille-a-ete-devastee","status":"publish","type":"post","link":"https:\/\/joxovurdnews.am\/?p=5297","title":{"rendered":"\u00ab L\u2019enfer s\u2019est d\u00e9cha\u00een\u00e9 pendant les fun\u00e9railles : le cercueil d\u2019une fillette de 8 ans a pris feu \u2014 Quand la v\u00e9rit\u00e9 a \u00e9clat\u00e9, sa famille a \u00e9t\u00e9 d\u00e9vast\u00e9e \u00bb"},"content":{"rendered":"\n<p>Personne n\u2019oubliera ce jour. Ce devait \u00eatre un moment de deuil, de recueillement, de silence. Mais ce qui s\u2019est pass\u00e9 ce samedi matin au cimeti\u00e8re de Montbrun-les-Bains a choqu\u00e9 non seulement la petite communaut\u00e9 locale, mais a \u00e9galement soulev\u00e9 des questions troublantes sur <strong>la v\u00e9rit\u00e9 derri\u00e8re la mort d\u2019une enfant<\/strong>.<\/p>\n\n\n\n<figure class=\"wp-block-image size-full\"><img loading=\"lazy\" decoding=\"async\" width=\"717\" height=\"1024\" src=\"https:\/\/joxovurdnews.am\/wp-content\/uploads\/2025\/08\/image-27.png\" alt=\"\" class=\"wp-image-5298\" srcset=\"https:\/\/joxovurdnews.am\/wp-content\/uploads\/2025\/08\/image-27.png 717w, https:\/\/joxovurdnews.am\/wp-content\/uploads\/2025\/08\/image-27-210x300.png 210w\" sizes=\"auto, (max-width: 717px) 100vw, 717px\" \/><\/figure>\n\n\n\n<hr class=\"wp-block-separator has-alpha-channel-opacity\"\/>\n\n\n\n<h3 class=\"wp-block-heading\">Une perte tragique<\/h3>\n\n\n\n<p>Clara Delaunay avait 8 ans. Une petite fille vive, curieuse, qui aimait les dessins, les papillons, et les contes qu\u2019elle lisait chaque soir avec sa grand-m\u00e8re. Sa mort subite, officiellement attribu\u00e9e \u00e0 un arr\u00eat cardiaque pendant la nuit, avait laiss\u00e9 sa famille dans un \u00e9tat de choc absolu.<\/p>\n\n\n\n<p>Personne ne comprenait. Clara n\u2019\u00e9tait pas malade. Elle n\u2019avait jamais eu de probl\u00e8mes de sant\u00e9 connus. Et pourtant, une semaine apr\u00e8s sa mort, la c\u00e9r\u00e9monie fun\u00e9raire \u00e9tait organis\u00e9e dans le calme, malgr\u00e9 <strong>des murmures discrets<\/strong>, des doutes \u00e9touff\u00e9s que certains membres de la famille n\u2019osaient formuler \u00e0 voix haute.<\/p>\n\n\n\n<hr class=\"wp-block-separator has-alpha-channel-opacity\"\/>\n\n\n\n<h3 class=\"wp-block-heading\">La c\u00e9r\u00e9monie vire au cauchemar<\/h3>\n\n\n\n<p>Le cort\u00e8ge fun\u00e9raire s\u2019est d\u00e9roul\u00e9 normalement au d\u00e9but. Des dizaines de personnes \u00e9taient pr\u00e9sentes : famille, amis, enseignants, camarades de classe. Des fleurs, des chansons douces, des discours bris\u00e9s par l\u2019\u00e9motion.<\/p>\n\n\n\n<p>Puis, alors que le cercueil allait \u00eatre descendu dans la terre, <strong>une odeur \u00e9trange<\/strong> s\u2019est fait sentir. Quelque chose de chimique. De br\u00fbl\u00e9. Des gens ont commenc\u00e9 \u00e0 tousser. Et puis, soudainement, <strong>une fum\u00e9e noire s\u2019est \u00e9chapp\u00e9e des jointures du cercueil<\/strong>.<\/p>\n\n\n\n<p>Quelques secondes plus tard, <strong>le bois s\u2019est mis \u00e0 fumer, puis \u00e0 s\u2019enflammer.<\/strong><\/p>\n\n\n\n<p>Des cris. De la panique. Des personnes \u00e2g\u00e9es en pleurs. Des enfants qui hurlaient. Certains ont tent\u00e9 d\u2019\u00e9teindre le feu avec de la terre. D\u2019autres se sont \u00e9loign\u00e9s, pris de panique. La sc\u00e8ne, surr\u00e9aliste, semblait tout droit sortie d\u2019un film d\u2019horreur.<\/p>\n\n\n\n<p>Et au milieu de tout cela, la m\u00e8re de Clara, effondr\u00e9e, r\u00e9p\u00e9tait :<\/p>\n\n\n\n<blockquote class=\"wp-block-quote is-layout-flow wp-block-quote-is-layout-flow\">\n<p>\u2014 <em>\u00ab Ce n\u2019est pas possible\u2026 Ce n\u2019est pas possible\u2026 \u00bb<\/em><\/p>\n<\/blockquote>\n\n\n\n<hr class=\"wp-block-separator has-alpha-channel-opacity\"\/>\n\n\n\n<h3 class=\"wp-block-heading\">Intervention des pompiers et de la gendarmerie<\/h3>\n\n\n\n<p>Les pompiers sont intervenus rapidement et ont \u00e9teint l\u2019incendie. Le cercueil, gravement endommag\u00e9, a \u00e9t\u00e9 extrait de la fosse. <strong>La c\u00e9r\u00e9monie fut interrompue.<\/strong><\/p>\n\n\n\n<p>La gendarmerie, d\u00e9j\u00e0 inform\u00e9e de certaines incoh\u00e9rences m\u00e9dicales dans le certificat de d\u00e9c\u00e8s, a d\u00e9cid\u00e9 de <strong>saisir le cercueil pour autopsie imm\u00e9diate<\/strong>.<\/p>\n\n\n\n<p>Ce que les experts allaient d\u00e9couvrir allait bouleverser toute la famille.<\/p>\n\n\n\n<hr class=\"wp-block-separator has-alpha-channel-opacity\"\/>\n\n\n\n<h3 class=\"wp-block-heading\">La terrible v\u00e9rit\u00e9<\/h3>\n\n\n\n<p>Apr\u00e8s plusieurs heures d\u2019analyses, les r\u00e9sultats ont \u00e9t\u00e9 transmis \u00e0 la famille dans la plus grande confidentialit\u00e9.<\/p>\n\n\n\n<p>Clara n\u2019\u00e9tait <strong>pas morte<\/strong> d\u2019un arr\u00eat cardiaque. Elle avait <strong>ing\u00e9r\u00e9 une quantit\u00e9 massive d\u2019un produit chimique industriel<\/strong>, extr\u00eamement inflammable et toxique. Ce produit, connu pour provoquer des arr\u00eats respiratoires rapides, avait \u00e9t\u00e9 <strong>vers\u00e9 dans une boisson sucr\u00e9e<\/strong>, probablement la veille de sa mort.<\/p>\n\n\n\n<p>Mais ce n\u2019est pas tout.<\/p>\n\n\n\n<p><strong>Le liquide avait \u00e9galement satur\u00e9 une partie de ses v\u00eatements et des tissus du cercueil.<\/strong> C\u2019est cette impr\u00e9gnation qui a provoqu\u00e9 la combustion lors de la descente du cercueil \u2014 probablement \u00e0 cause d\u2019un contact avec un mat\u00e9riau r\u00e9actif (type chaux ou traitement du bois).<\/p>\n\n\n\n<hr class=\"wp-block-separator has-alpha-channel-opacity\"\/>\n\n\n\n<h3 class=\"wp-block-heading\">Une affaire criminelle<\/h3>\n\n\n\n<p>L\u2019enqu\u00eate a r\u00e9v\u00e9l\u00e9 que <strong>le produit chimique provenait d\u2019un entrep\u00f4t agricole<\/strong> dans la r\u00e9gion, et que <strong>le beau-p\u00e8re de Clara<\/strong>, r\u00e9cemment licenci\u00e9 d\u2019un emploi dans cet entrep\u00f4t, y avait encore acc\u00e8s.<\/p>\n\n\n\n<p>Face aux preuves, l\u2019homme a craqu\u00e9. Il a avou\u00e9, en partie. Il ne voulait pas \u00ab tuer \u00bb Clara, a-t-il dit. Il voulait \u00ab l\u2019endormir pour quelques jours \u00bb afin de faire pression sur sa compagne. Mais il a utilis\u00e9 <strong>un dosage fatal<\/strong>, ignorant la puissance r\u00e9elle du produit.<\/p>\n\n\n\n<p>Il a \u00e9t\u00e9 imm\u00e9diatement plac\u00e9 en d\u00e9tention provisoire.<\/p>\n\n\n\n<hr class=\"wp-block-separator has-alpha-channel-opacity\"\/>\n\n\n\n<h3 class=\"wp-block-heading\">Une famille d\u00e9truite<\/h3>\n\n\n\n<p>La m\u00e8re de Clara, incapable de parler aux m\u00e9dias, a quitt\u00e9 la r\u00e9gion avec son fils cadet. La grand-m\u00e8re, qui vivait avec Clara, a \u00e9t\u00e9 hospitalis\u00e9e sous le choc. Le village entier s\u2019est fig\u00e9 pendant plusieurs semaines dans une <strong>torpeur silencieuse<\/strong>, incapable d\u2019accepter la r\u00e9alit\u00e9.<\/p>\n\n\n\n<p>Les fun\u00e9railles ont finalement eu lieu, dans la plus stricte intimit\u00e9. Pas de discours. Pas de musique. Juste une tombe. Un silence. Et <strong>une question que personne ne cessera de se poser : pourquoi ?<\/strong><\/p>\n\n\n\n<hr class=\"wp-block-separator has-alpha-channel-opacity\"\/>\n\n\n\n<h3 class=\"wp-block-heading\">Une fin sans paix<\/h3>\n\n\n\n<p>Ce qui aurait d\u00fb \u00eatre un adieu paisible s\u2019est transform\u00e9 en <strong>cauchemar br\u00fblant<\/strong>, r\u00e9v\u00e9lant les failles d\u2019un syst\u00e8me, les dangers de la n\u00e9gligence, et l\u2019horreur d\u2019un geste incompr\u00e9hensible.<\/p>\n\n\n\n<p>L\u2019histoire de Clara n\u2019est pas qu\u2019un fait divers.<\/p>\n\n\n\n<p>C\u2019est un <strong>cri \u00e9touff\u00e9<\/strong> de l\u2019enfance, une alerte pour toutes les familles, et un rappel brutal que le mal se cache parfois l\u00e0 o\u00f9 l\u2019on pense \u00eatre en s\u00e9curit\u00e9.<\/p>\n","protected":false},"excerpt":{"rendered":"Personne n\u2019oubliera ce jour. Ce devait \u00eatre un moment de deuil, de recueillement, de silence. Mais ce qui s\u2019est pass\u00e9 ce samedi matin \n<a class=\"moretag\" href=\"https:\/\/joxovurdnews.am\/?p=5297\"> [...]<\/a>","protected":false},"author":1,"featured_media":5298,"comment_status":"open","ping_status":"open","sticky":false,"template":"","format":"standard","meta":{"footnotes":""},"categories":[1],"tags":[],"class_list":["post-5297","post","type-post","status-publish","format-standard","has-post-thumbnail","hentry","category-uncategorised"],"yoast_head":"<!-- This site is optimized with the Yoast SEO plugin v27.4 - https:\/\/yoast.com\/product\/yoast-seo-wordpress\/ -->\n<title>\u00ab L\u2019enfer s\u2019est d\u00e9cha\u00een\u00e9 pendant les fun\u00e9railles : le cercueil d\u2019une fillette de 8 ans a pris feu \u2014 Quand la v\u00e9rit\u00e9 a \u00e9clat\u00e9, sa famille a \u00e9t\u00e9 d\u00e9vast\u00e9e \u00bb -<\/title>\n<meta name=\"robots\" content=\"index, follow, max-snippet:-1, max-image-preview:large, max-video-preview:-1\" \/>\n<link rel=\"canonical\" href=\"https:\/\/joxovurdnews.am\/?p=5297\" \/>\n<meta property=\"og:locale\" content=\"en_US\" \/>\n<meta property=\"og:type\" content=\"article\" \/>\n<meta property=\"og:title\" content=\"\u00ab L\u2019enfer s\u2019est d\u00e9cha\u00een\u00e9 pendant les fun\u00e9railles : le cercueil d\u2019une fillette de 8 ans a pris feu \u2014 Quand la v\u00e9rit\u00e9 a \u00e9clat\u00e9, sa famille a \u00e9t\u00e9 d\u00e9vast\u00e9e \u00bb -\" \/>\n<meta property=\"og:description\" content=\"Personne n\u2019oubliera ce jour. Ce devait \u00eatre un moment de deuil, de recueillement, de silence. Mais ce qui s\u2019est pass\u00e9 ce samedi matin\" \/>\n<meta property=\"og:url\" content=\"https:\/\/joxovurdnews.am\/?p=5297\" \/>\n<meta property=\"article:published_time\" content=\"2025-08-07T09:26:52+00:00\" \/>\n<meta property=\"article:modified_time\" content=\"2025-08-07T09:26:54+00:00\" \/>\n<meta property=\"og:image\" content=\"https:\/\/joxovurdnews.am\/wp-content\/uploads\/2025\/08\/image-27.png\" \/>\n\t<meta property=\"og:image:width\" content=\"717\" \/>\n\t<meta property=\"og:image:height\" content=\"1024\" \/>\n\t<meta property=\"og:image:type\" content=\"image\/png\" \/>\n<meta name=\"author\" content=\"admin\" \/>\n<meta name=\"twitter:card\" content=\"summary_large_image\" \/>\n<meta name=\"twitter:label1\" content=\"Written by\" \/>\n\t<meta name=\"twitter:data1\" content=\"admin\" \/>\n\t<meta name=\"twitter:label2\" content=\"Est. reading time\" \/>\n\t<meta name=\"twitter:data2\" content=\"4 minutes\" \/>\n<script type=\"application\/ld+json\" class=\"yoast-schema-graph\">{\"@context\":\"https:\\\/\\\/schema.org\",\"@graph\":[{\"@type\":\"Article\",\"@id\":\"https:\\\/\\\/joxovurdnews.am\\\/?p=5297#article\",\"isPartOf\":{\"@id\":\"https:\\\/\\\/joxovurdnews.am\\\/?p=5297\"},\"author\":{\"name\":\"admin\",\"@id\":\"http:\\\/\\\/joxovurdnews.am\\\/#\\\/schema\\\/person\\\/4d367c54c9e2a9d36db9eaf33a76a84d\"},\"headline\":\"\u00ab L\u2019enfer s\u2019est d\u00e9cha\u00een\u00e9 pendant les fun\u00e9railles : le cercueil d\u2019une fillette de 8 ans a pris feu \u2014 Quand la v\u00e9rit\u00e9 a \u00e9clat\u00e9, sa famille a \u00e9t\u00e9 d\u00e9vast\u00e9e \u00bb\",\"datePublished\":\"2025-08-07T09:26:52+00:00\",\"dateModified\":\"2025-08-07T09:26:54+00:00\",\"mainEntityOfPage\":{\"@id\":\"https:\\\/\\\/joxovurdnews.am\\\/?p=5297\"},\"wordCount\":864,\"commentCount\":0,\"image\":{\"@id\":\"https:\\\/\\\/joxovurdnews.am\\\/?p=5297#primaryimage\"},\"thumbnailUrl\":\"https:\\\/\\\/joxovurdnews.am\\\/wp-content\\\/uploads\\\/2025\\\/08\\\/image-27.png\",\"articleSection\":[\"NEWS\"],\"inLanguage\":\"en-US\",\"potentialAction\":[{\"@type\":\"CommentAction\",\"name\":\"Comment\",\"target\":[\"https:\\\/\\\/joxovurdnews.am\\\/?p=5297#respond\"]}]},{\"@type\":\"WebPage\",\"@id\":\"https:\\\/\\\/joxovurdnews.am\\\/?p=5297\",\"url\":\"https:\\\/\\\/joxovurdnews.am\\\/?p=5297\",\"name\":\"\u00ab L\u2019enfer s\u2019est d\u00e9cha\u00een\u00e9 pendant les fun\u00e9railles : le cercueil d\u2019une fillette de 8 ans a pris feu \u2014 Quand la v\u00e9rit\u00e9 a \u00e9clat\u00e9, sa famille a \u00e9t\u00e9 d\u00e9vast\u00e9e \u00bb -\",\"isPartOf\":{\"@id\":\"http:\\\/\\\/joxovurdnews.am\\\/#website\"},\"primaryImageOfPage\":{\"@id\":\"https:\\\/\\\/joxovurdnews.am\\\/?p=5297#primaryimage\"},\"image\":{\"@id\":\"https:\\\/\\\/joxovurdnews.am\\\/?p=5297#primaryimage\"},\"thumbnailUrl\":\"https:\\\/\\\/joxovurdnews.am\\\/wp-content\\\/uploads\\\/2025\\\/08\\\/image-27.png\",\"datePublished\":\"2025-08-07T09:26:52+00:00\",\"dateModified\":\"2025-08-07T09:26:54+00:00\",\"author\":{\"@id\":\"http:\\\/\\\/joxovurdnews.am\\\/#\\\/schema\\\/person\\\/4d367c54c9e2a9d36db9eaf33a76a84d\"},\"breadcrumb\":{\"@id\":\"https:\\\/\\\/joxovurdnews.am\\\/?p=5297#breadcrumb\"},\"inLanguage\":\"en-US\",\"potentialAction\":[{\"@type\":\"ReadAction\",\"target\":[\"https:\\\/\\\/joxovurdnews.am\\\/?p=5297\"]}]},{\"@type\":\"ImageObject\",\"inLanguage\":\"en-US\",\"@id\":\"https:\\\/\\\/joxovurdnews.am\\\/?p=5297#primaryimage\",\"url\":\"https:\\\/\\\/joxovurdnews.am\\\/wp-content\\\/uploads\\\/2025\\\/08\\\/image-27.png\",\"contentUrl\":\"https:\\\/\\\/joxovurdnews.am\\\/wp-content\\\/uploads\\\/2025\\\/08\\\/image-27.png\",\"width\":717,\"height\":1024},{\"@type\":\"BreadcrumbList\",\"@id\":\"https:\\\/\\\/joxovurdnews.am\\\/?p=5297#breadcrumb\",\"itemListElement\":[{\"@type\":\"ListItem\",\"position\":1,\"name\":\"Home\",\"item\":\"http:\\\/\\\/joxovurdnews.am\\\/\"},{\"@type\":\"ListItem\",\"position\":2,\"name\":\"\u00ab L\u2019enfer s\u2019est d\u00e9cha\u00een\u00e9 pendant les fun\u00e9railles : le cercueil d\u2019une fillette de 8 ans a pris feu \u2014 Quand la v\u00e9rit\u00e9 a \u00e9clat\u00e9, sa famille a \u00e9t\u00e9 d\u00e9vast\u00e9e \u00bb\"}]},{\"@type\":\"WebSite\",\"@id\":\"http:\\\/\\\/joxovurdnews.am\\\/#website\",\"url\":\"http:\\\/\\\/joxovurdnews.am\\\/\",\"name\":\"\",\"description\":\"\",\"potentialAction\":[{\"@type\":\"SearchAction\",\"target\":{\"@type\":\"EntryPoint\",\"urlTemplate\":\"http:\\\/\\\/joxovurdnews.am\\\/?s={search_term_string}\"},\"query-input\":{\"@type\":\"PropertyValueSpecification\",\"valueRequired\":true,\"valueName\":\"search_term_string\"}}],\"inLanguage\":\"en-US\"},{\"@type\":\"Person\",\"@id\":\"http:\\\/\\\/joxovurdnews.am\\\/#\\\/schema\\\/person\\\/4d367c54c9e2a9d36db9eaf33a76a84d\",\"name\":\"admin\",\"image\":{\"@type\":\"ImageObject\",\"inLanguage\":\"en-US\",\"@id\":\"https:\\\/\\\/secure.gravatar.com\\\/avatar\\\/0ed435f9e4056e0930898ce78c89fa82fe18d3c798c761c71f1f33be878b3b0b?s=96&d=mm&r=g\",\"url\":\"https:\\\/\\\/secure.gravatar.com\\\/avatar\\\/0ed435f9e4056e0930898ce78c89fa82fe18d3c798c761c71f1f33be878b3b0b?s=96&d=mm&r=g\",\"contentUrl\":\"https:\\\/\\\/secure.gravatar.com\\\/avatar\\\/0ed435f9e4056e0930898ce78c89fa82fe18d3c798c761c71f1f33be878b3b0b?s=96&d=mm&r=g\",\"caption\":\"admin\"},\"sameAs\":[\"http:\\\/\\\/joxovurdnews.am\"],\"url\":\"https:\\\/\\\/joxovurdnews.am\\\/?author=1\"}]}<\/script>\n<!-- \/ Yoast SEO plugin. -->","yoast_head_json":{"title":"\u00ab L\u2019enfer s\u2019est d\u00e9cha\u00een\u00e9 pendant les fun\u00e9railles : le cercueil d\u2019une fillette de 8 ans a pris feu \u2014 Quand la v\u00e9rit\u00e9 a \u00e9clat\u00e9, sa famille a \u00e9t\u00e9 d\u00e9vast\u00e9e \u00bb -","robots":{"index":"index","follow":"follow","max-snippet":"max-snippet:-1","max-image-preview":"max-image-preview:large","max-video-preview":"max-video-preview:-1"},"canonical":"https:\/\/joxovurdnews.am\/?p=5297","og_locale":"en_US","og_type":"article","og_title":"\u00ab L\u2019enfer s\u2019est d\u00e9cha\u00een\u00e9 pendant les fun\u00e9railles : le cercueil d\u2019une fillette de 8 ans a pris feu \u2014 Quand la v\u00e9rit\u00e9 a \u00e9clat\u00e9, sa famille a \u00e9t\u00e9 d\u00e9vast\u00e9e \u00bb -","og_description":"Personne n\u2019oubliera ce jour. Ce devait \u00eatre un moment de deuil, de recueillement, de silence. Mais ce qui s\u2019est pass\u00e9 ce samedi matin","og_url":"https:\/\/joxovurdnews.am\/?p=5297","article_published_time":"2025-08-07T09:26:52+00:00","article_modified_time":"2025-08-07T09:26:54+00:00","og_image":[{"width":717,"height":1024,"url":"https:\/\/joxovurdnews.am\/wp-content\/uploads\/2025\/08\/image-27.png","type":"image\/png"}],"author":"admin","twitter_card":"summary_large_image","twitter_misc":{"Written by":"admin","Est. reading time":"4 minutes"},"schema":{"@context":"https:\/\/schema.org","@graph":[{"@type":"Article","@id":"https:\/\/joxovurdnews.am\/?p=5297#article","isPartOf":{"@id":"https:\/\/joxovurdnews.am\/?p=5297"},"author":{"name":"admin","@id":"http:\/\/joxovurdnews.am\/#\/schema\/person\/4d367c54c9e2a9d36db9eaf33a76a84d"},"headline":"\u00ab L\u2019enfer s\u2019est d\u00e9cha\u00een\u00e9 pendant les fun\u00e9railles : le cercueil d\u2019une fillette de 8 ans a pris feu \u2014 Quand la v\u00e9rit\u00e9 a \u00e9clat\u00e9, sa famille a \u00e9t\u00e9 d\u00e9vast\u00e9e \u00bb","datePublished":"2025-08-07T09:26:52+00:00","dateModified":"2025-08-07T09:26:54+00:00","mainEntityOfPage":{"@id":"https:\/\/joxovurdnews.am\/?p=5297"},"wordCount":864,"commentCount":0,"image":{"@id":"https:\/\/joxovurdnews.am\/?p=5297#primaryimage"},"thumbnailUrl":"https:\/\/joxovurdnews.am\/wp-content\/uploads\/2025\/08\/image-27.png","articleSection":["NEWS"],"inLanguage":"en-US","potentialAction":[{"@type":"CommentAction","name":"Comment","target":["https:\/\/joxovurdnews.am\/?p=5297#respond"]}]},{"@type":"WebPage","@id":"https:\/\/joxovurdnews.am\/?p=5297","url":"https:\/\/joxovurdnews.am\/?p=5297","name":"\u00ab L\u2019enfer s\u2019est d\u00e9cha\u00een\u00e9 pendant les fun\u00e9railles : le cercueil d\u2019une fillette de 8 ans a pris feu \u2014 Quand la v\u00e9rit\u00e9 a \u00e9clat\u00e9, sa famille a \u00e9t\u00e9 d\u00e9vast\u00e9e \u00bb -","isPartOf":{"@id":"http:\/\/joxovurdnews.am\/#website"},"primaryImageOfPage":{"@id":"https:\/\/joxovurdnews.am\/?p=5297#primaryimage"},"image":{"@id":"https:\/\/joxovurdnews.am\/?p=5297#primaryimage"},"thumbnailUrl":"https:\/\/joxovurdnews.am\/wp-content\/uploads\/2025\/08\/image-27.png","datePublished":"2025-08-07T09:26:52+00:00","dateModified":"2025-08-07T09:26:54+00:00","author":{"@id":"http:\/\/joxovurdnews.am\/#\/schema\/person\/4d367c54c9e2a9d36db9eaf33a76a84d"},"breadcrumb":{"@id":"https:\/\/joxovurdnews.am\/?p=5297#breadcrumb"},"inLanguage":"en-US","potentialAction":[{"@type":"ReadAction","target":["https:\/\/joxovurdnews.am\/?p=5297"]}]},{"@type":"ImageObject","inLanguage":"en-US","@id":"https:\/\/joxovurdnews.am\/?p=5297#primaryimage","url":"https:\/\/joxovurdnews.am\/wp-content\/uploads\/2025\/08\/image-27.png","contentUrl":"https:\/\/joxovurdnews.am\/wp-content\/uploads\/2025\/08\/image-27.png","width":717,"height":1024},{"@type":"BreadcrumbList","@id":"https:\/\/joxovurdnews.am\/?p=5297#breadcrumb","itemListElement":[{"@type":"ListItem","position":1,"name":"Home","item":"http:\/\/joxovurdnews.am\/"},{"@type":"ListItem","position":2,"name":"\u00ab L\u2019enfer s\u2019est d\u00e9cha\u00een\u00e9 pendant les fun\u00e9railles : le cercueil d\u2019une fillette de 8 ans a pris feu \u2014 Quand la v\u00e9rit\u00e9 a \u00e9clat\u00e9, sa famille a \u00e9t\u00e9 d\u00e9vast\u00e9e \u00bb"}]},{"@type":"WebSite","@id":"http:\/\/joxovurdnews.am\/#website","url":"http:\/\/joxovurdnews.am\/","name":"","description":"","potentialAction":[{"@type":"SearchAction","target":{"@type":"EntryPoint","urlTemplate":"http:\/\/joxovurdnews.am\/?s={search_term_string}"},"query-input":{"@type":"PropertyValueSpecification","valueRequired":true,"valueName":"search_term_string"}}],"inLanguage":"en-US"},{"@type":"Person","@id":"http:\/\/joxovurdnews.am\/#\/schema\/person\/4d367c54c9e2a9d36db9eaf33a76a84d","name":"admin","image":{"@type":"ImageObject","inLanguage":"en-US","@id":"https:\/\/secure.gravatar.com\/avatar\/0ed435f9e4056e0930898ce78c89fa82fe18d3c798c761c71f1f33be878b3b0b?s=96&d=mm&r=g","url":"https:\/\/secure.gravatar.com\/avatar\/0ed435f9e4056e0930898ce78c89fa82fe18d3c798c761c71f1f33be878b3b0b?s=96&d=mm&r=g","contentUrl":"https:\/\/secure.gravatar.com\/avatar\/0ed435f9e4056e0930898ce78c89fa82fe18d3c798c761c71f1f33be878b3b0b?s=96&d=mm&r=g","caption":"admin"},"sameAs":["http:\/\/joxovurdnews.am"],"url":"https:\/\/joxovurdnews.am\/?author=1"}]}},"views":402,"_links":{"self":[{"href":"https:\/\/joxovurdnews.am\/index.php?rest_route=\/wp\/v2\/posts\/5297","targetHints":{"allow":["GET"]}}],"collection":[{"href":"https:\/\/joxovurdnews.am\/index.php?rest_route=\/wp\/v2\/posts"}],"about":[{"href":"https:\/\/joxovurdnews.am\/index.php?rest_route=\/wp\/v2\/types\/post"}],"author":[{"embeddable":true,"href":"https:\/\/joxovurdnews.am\/index.php?rest_route=\/wp\/v2\/users\/1"}],"replies":[{"embeddable":true,"href":"https:\/\/joxovurdnews.am\/index.php?rest_route=%2Fwp%2Fv2%2Fcomments&post=5297"}],"version-history":[{"count":1,"href":"https:\/\/joxovurdnews.am\/index.php?rest_route=\/wp\/v2\/posts\/5297\/revisions"}],"predecessor-version":[{"id":5299,"href":"https:\/\/joxovurdnews.am\/index.php?rest_route=\/wp\/v2\/posts\/5297\/revisions\/5299"}],"wp:featuredmedia":[{"embeddable":true,"href":"https:\/\/joxovurdnews.am\/index.php?rest_route=\/wp\/v2\/media\/5298"}],"wp:attachment":[{"href":"https:\/\/joxovurdnews.am\/index.php?rest_route=%2Fwp%2Fv2%2Fmedia&parent=5297"}],"wp:term":[{"taxonomy":"category","embeddable":true,"href":"https:\/\/joxovurdnews.am\/index.php?rest_route=%2Fwp%2Fv2%2Fcategories&post=5297"},{"taxonomy":"post_tag","embeddable":true,"href":"https:\/\/joxovurdnews.am\/index.php?rest_route=%2Fwp%2Fv2%2Ftags&post=5297"}],"curies":[{"name":"wp","href":"https:\/\/api.w.org\/{rel}","templated":true}]}}