{"id":4575,"date":"2025-06-20T12:36:47","date_gmt":"2025-06-20T11:36:47","guid":{"rendered":"https:\/\/joxovurdnews.am\/?p=4575"},"modified":"2025-06-20T12:36:47","modified_gmt":"2025-06-20T11:36:47","slug":"cette-mannequin-allaite-son-bebe-pendant-un-defile-de-mode-je-veux-que-le-monde-voie-ca-un-geste-fort-qui-a-choque-mais-aussi-emu-la-planete-entiere","status":"publish","type":"post","link":"http:\/\/joxovurdnews.am\/?p=4575","title":{"rendered":"Cette mannequin allaite son b\u00e9b\u00e9 pendant un d\u00e9fil\u00e9 de mode : \u00ab Je veux que le monde voie \u00e7a \u00bb \u2013 Un geste fort qui a choqu\u00e9, mais aussi \u00e9mu la plan\u00e8te enti\u00e8re."},"content":{"rendered":"\n<p>Lorsque Clara Morel est apparue sur le podium lors de la Fashion Week de Paris, les projecteurs se sont braqu\u00e9s sur sa silhouette \u00e9l\u00e9gante, son port de t\u00eate assur\u00e9, sa robe fluide\u2026 et son b\u00e9b\u00e9, calmement blotti contre sa poitrine.<\/p>\n\n\n\n<p>\u00c0 la surprise g\u00e9n\u00e9rale, Clara d\u00e9filait tout en allaitant son enfant. Aucun effet de mise en sc\u00e8ne, aucune provocation gratuite \u2014 juste un moment sinc\u00e8re, humain, puissant.<\/p>\n\n\n\n<p>Apr\u00e8s quelques secondes de silence stup\u00e9fait, le public a r\u00e9agi : certains ont applaudi timidement, d&#8217;autres ont film\u00e9, quelques-uns ont d\u00e9tourn\u00e9 les yeux. Les r\u00e9seaux sociaux, eux, se sont enflamm\u00e9s.<\/p>\n\n\n\n<p>Mais Clara n\u2019avait aucun doute.<\/p>\n\n\n\n<figure class=\"wp-block-image size-full\"><img loading=\"lazy\" decoding=\"async\" width=\"734\" height=\"1024\" src=\"https:\/\/joxovurdnews.am\/wp-content\/uploads\/2025\/06\/snapedit_1750311910556-734x1024-1.jpeg\" alt=\"\" class=\"wp-image-4576\" srcset=\"http:\/\/joxovurdnews.am\/wp-content\/uploads\/2025\/06\/snapedit_1750311910556-734x1024-1.jpeg 734w, http:\/\/joxovurdnews.am\/wp-content\/uploads\/2025\/06\/snapedit_1750311910556-734x1024-1-215x300.jpeg 215w\" sizes=\"auto, (max-width: 734px) 100vw, 734px\" \/><\/figure>\n\n\n\n<p>\u00ab Je ne l\u2019ai pas fait pour provoquer. Je l\u2019ai fait parce que c\u2019est ma r\u00e9alit\u00e9. Je suis mannequin. Je suis m\u00e8re. Je n\u2019ai pas envie de choisir entre les deux. Je veux que le monde voie qu\u2019allaiter, ce n\u2019est ni honteux, ni cach\u00e9 \u2014 c\u2019est naturel. \u00bb<\/p>\n\n\n\n<p>Son geste est devenu viral. Dans un monde o\u00f9 l\u2019image est tout, elle a d\u00e9cid\u00e9 de montrer la v\u00e9rit\u00e9, crue, belle et maternelle. Et en quelques minutes, elle a chang\u00e9 la d\u00e9finition de ce que signifie \u201c\u00eatre une femme sur sc\u00e8ne\u201d.<\/p>\n","protected":false},"excerpt":{"rendered":"Lorsque Clara Morel est apparue sur le podium lors de la Fashion Week de Paris, les projecteurs se sont braqu\u00e9s sur sa silhouette \n<a class=\"moretag\" href=\"http:\/\/joxovurdnews.am\/?p=4575\"> [...]<\/a>","protected":false},"author":1,"featured_media":4576,"comment_status":"open","ping_status":"open","sticky":false,"template":"","format":"standard","meta":{"footnotes":""},"categories":[1,4],"tags":[],"class_list":["post-4575","post","type-post","status-publish","format-standard","has-post-thumbnail","hentry","category-uncategorised","category-select--"],"yoast_head":"<!-- This site is optimized with the Yoast SEO plugin v27.4 - https:\/\/yoast.com\/product\/yoast-seo-wordpress\/ -->\n<title>Cette mannequin allaite son b\u00e9b\u00e9 pendant un d\u00e9fil\u00e9 de mode : \u00ab Je veux que le monde voie \u00e7a \u00bb \u2013 Un geste fort qui a choqu\u00e9, mais aussi \u00e9mu la plan\u00e8te enti\u00e8re. -<\/title>\n<meta name=\"robots\" content=\"index, follow, max-snippet:-1, max-image-preview:large, max-video-preview:-1\" \/>\n<link rel=\"canonical\" href=\"http:\/\/joxovurdnews.am\/?p=4575\" \/>\n<meta property=\"og:locale\" content=\"en_US\" \/>\n<meta property=\"og:type\" content=\"article\" \/>\n<meta property=\"og:title\" content=\"Cette mannequin allaite son b\u00e9b\u00e9 pendant un d\u00e9fil\u00e9 de mode : \u00ab Je veux que le monde voie \u00e7a \u00bb \u2013 Un geste fort qui a choqu\u00e9, mais aussi \u00e9mu la plan\u00e8te enti\u00e8re. -\" \/>\n<meta property=\"og:description\" content=\"Lorsque Clara Morel est apparue sur le podium lors de la Fashion Week de Paris, les projecteurs se sont braqu\u00e9s sur sa silhouette\" \/>\n<meta property=\"og:url\" content=\"http:\/\/joxovurdnews.am\/?p=4575\" \/>\n<meta property=\"article:published_time\" content=\"2025-06-20T11:36:47+00:00\" \/>\n<meta property=\"og:image\" content=\"http:\/\/joxovurdnews.am\/wp-content\/uploads\/2025\/06\/snapedit_1750311910556-734x1024-1.jpeg\" \/>\n\t<meta property=\"og:image:width\" content=\"734\" \/>\n\t<meta property=\"og:image:height\" content=\"1024\" \/>\n\t<meta property=\"og:image:type\" content=\"image\/jpeg\" \/>\n<meta name=\"author\" content=\"admin\" \/>\n<meta name=\"twitter:card\" content=\"summary_large_image\" \/>\n<meta name=\"twitter:label1\" content=\"Written by\" \/>\n\t<meta name=\"twitter:data1\" content=\"admin\" \/>\n\t<meta name=\"twitter:label2\" content=\"Est. reading time\" \/>\n\t<meta name=\"twitter:data2\" content=\"1 minute\" \/>\n<script type=\"application\/ld+json\" class=\"yoast-schema-graph\">{\"@context\":\"https:\\\/\\\/schema.org\",\"@graph\":[{\"@type\":\"Article\",\"@id\":\"http:\\\/\\\/joxovurdnews.am\\\/?p=4575#article\",\"isPartOf\":{\"@id\":\"http:\\\/\\\/joxovurdnews.am\\\/?p=4575\"},\"author\":{\"name\":\"admin\",\"@id\":\"http:\\\/\\\/joxovurdnews.am\\\/#\\\/schema\\\/person\\\/4d367c54c9e2a9d36db9eaf33a76a84d\"},\"headline\":\"Cette mannequin allaite son b\u00e9b\u00e9 pendant un d\u00e9fil\u00e9 de mode : \u00ab Je veux que le monde voie \u00e7a \u00bb \u2013 Un geste fort qui a choqu\u00e9, mais aussi \u00e9mu la plan\u00e8te enti\u00e8re.\",\"datePublished\":\"2025-06-20T11:36:47+00:00\",\"mainEntityOfPage\":{\"@id\":\"http:\\\/\\\/joxovurdnews.am\\\/?p=4575\"},\"wordCount\":249,\"commentCount\":0,\"image\":{\"@id\":\"http:\\\/\\\/joxovurdnews.am\\\/?p=4575#primaryimage\"},\"thumbnailUrl\":\"http:\\\/\\\/joxovurdnews.am\\\/wp-content\\\/uploads\\\/2025\\\/06\\\/snapedit_1750311910556-734x1024-1.jpeg\",\"articleSection\":[\"NEWS\",\"Video\"],\"inLanguage\":\"en-US\",\"potentialAction\":[{\"@type\":\"CommentAction\",\"name\":\"Comment\",\"target\":[\"http:\\\/\\\/joxovurdnews.am\\\/?p=4575#respond\"]}]},{\"@type\":\"WebPage\",\"@id\":\"http:\\\/\\\/joxovurdnews.am\\\/?p=4575\",\"url\":\"http:\\\/\\\/joxovurdnews.am\\\/?p=4575\",\"name\":\"Cette mannequin allaite son b\u00e9b\u00e9 pendant un d\u00e9fil\u00e9 de mode : \u00ab Je veux que le monde voie \u00e7a \u00bb \u2013 Un geste fort qui a choqu\u00e9, mais aussi \u00e9mu la plan\u00e8te enti\u00e8re. -\",\"isPartOf\":{\"@id\":\"http:\\\/\\\/joxovurdnews.am\\\/#website\"},\"primaryImageOfPage\":{\"@id\":\"http:\\\/\\\/joxovurdnews.am\\\/?p=4575#primaryimage\"},\"image\":{\"@id\":\"http:\\\/\\\/joxovurdnews.am\\\/?p=4575#primaryimage\"},\"thumbnailUrl\":\"http:\\\/\\\/joxovurdnews.am\\\/wp-content\\\/uploads\\\/2025\\\/06\\\/snapedit_1750311910556-734x1024-1.jpeg\",\"datePublished\":\"2025-06-20T11:36:47+00:00\",\"author\":{\"@id\":\"http:\\\/\\\/joxovurdnews.am\\\/#\\\/schema\\\/person\\\/4d367c54c9e2a9d36db9eaf33a76a84d\"},\"breadcrumb\":{\"@id\":\"http:\\\/\\\/joxovurdnews.am\\\/?p=4575#breadcrumb\"},\"inLanguage\":\"en-US\",\"potentialAction\":[{\"@type\":\"ReadAction\",\"target\":[\"http:\\\/\\\/joxovurdnews.am\\\/?p=4575\"]}]},{\"@type\":\"ImageObject\",\"inLanguage\":\"en-US\",\"@id\":\"http:\\\/\\\/joxovurdnews.am\\\/?p=4575#primaryimage\",\"url\":\"http:\\\/\\\/joxovurdnews.am\\\/wp-content\\\/uploads\\\/2025\\\/06\\\/snapedit_1750311910556-734x1024-1.jpeg\",\"contentUrl\":\"http:\\\/\\\/joxovurdnews.am\\\/wp-content\\\/uploads\\\/2025\\\/06\\\/snapedit_1750311910556-734x1024-1.jpeg\",\"width\":734,\"height\":1024},{\"@type\":\"BreadcrumbList\",\"@id\":\"http:\\\/\\\/joxovurdnews.am\\\/?p=4575#breadcrumb\",\"itemListElement\":[{\"@type\":\"ListItem\",\"position\":1,\"name\":\"Home\",\"item\":\"http:\\\/\\\/joxovurdnews.am\\\/\"},{\"@type\":\"ListItem\",\"position\":2,\"name\":\"Cette mannequin allaite son b\u00e9b\u00e9 pendant un d\u00e9fil\u00e9 de mode : \u00ab Je veux que le monde voie \u00e7a \u00bb \u2013 Un geste fort qui a choqu\u00e9, mais aussi \u00e9mu la plan\u00e8te enti\u00e8re.\"}]},{\"@type\":\"WebSite\",\"@id\":\"http:\\\/\\\/joxovurdnews.am\\\/#website\",\"url\":\"http:\\\/\\\/joxovurdnews.am\\\/\",\"name\":\"\",\"description\":\"\",\"potentialAction\":[{\"@type\":\"SearchAction\",\"target\":{\"@type\":\"EntryPoint\",\"urlTemplate\":\"http:\\\/\\\/joxovurdnews.am\\\/?s={search_term_string}\"},\"query-input\":{\"@type\":\"PropertyValueSpecification\",\"valueRequired\":true,\"valueName\":\"search_term_string\"}}],\"inLanguage\":\"en-US\"},{\"@type\":\"Person\",\"@id\":\"http:\\\/\\\/joxovurdnews.am\\\/#\\\/schema\\\/person\\\/4d367c54c9e2a9d36db9eaf33a76a84d\",\"name\":\"admin\",\"image\":{\"@type\":\"ImageObject\",\"inLanguage\":\"en-US\",\"@id\":\"https:\\\/\\\/secure.gravatar.com\\\/avatar\\\/0ed435f9e4056e0930898ce78c89fa82fe18d3c798c761c71f1f33be878b3b0b?s=96&d=mm&r=g\",\"url\":\"https:\\\/\\\/secure.gravatar.com\\\/avatar\\\/0ed435f9e4056e0930898ce78c89fa82fe18d3c798c761c71f1f33be878b3b0b?s=96&d=mm&r=g\",\"contentUrl\":\"https:\\\/\\\/secure.gravatar.com\\\/avatar\\\/0ed435f9e4056e0930898ce78c89fa82fe18d3c798c761c71f1f33be878b3b0b?s=96&d=mm&r=g\",\"caption\":\"admin\"},\"sameAs\":[\"http:\\\/\\\/joxovurdnews.am\"],\"url\":\"http:\\\/\\\/joxovurdnews.am\\\/?author=1\"}]}<\/script>\n<!-- \/ Yoast SEO plugin. -->","yoast_head_json":{"title":"Cette mannequin allaite son b\u00e9b\u00e9 pendant un d\u00e9fil\u00e9 de mode : \u00ab Je veux que le monde voie \u00e7a \u00bb \u2013 Un geste fort qui a choqu\u00e9, mais aussi \u00e9mu la plan\u00e8te enti\u00e8re. -","robots":{"index":"index","follow":"follow","max-snippet":"max-snippet:-1","max-image-preview":"max-image-preview:large","max-video-preview":"max-video-preview:-1"},"canonical":"http:\/\/joxovurdnews.am\/?p=4575","og_locale":"en_US","og_type":"article","og_title":"Cette mannequin allaite son b\u00e9b\u00e9 pendant un d\u00e9fil\u00e9 de mode : \u00ab Je veux que le monde voie \u00e7a \u00bb \u2013 Un geste fort qui a choqu\u00e9, mais aussi \u00e9mu la plan\u00e8te enti\u00e8re. -","og_description":"Lorsque Clara Morel est apparue sur le podium lors de la Fashion Week de Paris, les projecteurs se sont braqu\u00e9s sur sa silhouette","og_url":"http:\/\/joxovurdnews.am\/?p=4575","article_published_time":"2025-06-20T11:36:47+00:00","og_image":[{"width":734,"height":1024,"url":"http:\/\/joxovurdnews.am\/wp-content\/uploads\/2025\/06\/snapedit_1750311910556-734x1024-1.jpeg","type":"image\/jpeg"}],"author":"admin","twitter_card":"summary_large_image","twitter_misc":{"Written by":"admin","Est. reading time":"1 minute"},"schema":{"@context":"https:\/\/schema.org","@graph":[{"@type":"Article","@id":"http:\/\/joxovurdnews.am\/?p=4575#article","isPartOf":{"@id":"http:\/\/joxovurdnews.am\/?p=4575"},"author":{"name":"admin","@id":"http:\/\/joxovurdnews.am\/#\/schema\/person\/4d367c54c9e2a9d36db9eaf33a76a84d"},"headline":"Cette mannequin allaite son b\u00e9b\u00e9 pendant un d\u00e9fil\u00e9 de mode : \u00ab Je veux que le monde voie \u00e7a \u00bb \u2013 Un geste fort qui a choqu\u00e9, mais aussi \u00e9mu la plan\u00e8te enti\u00e8re.","datePublished":"2025-06-20T11:36:47+00:00","mainEntityOfPage":{"@id":"http:\/\/joxovurdnews.am\/?p=4575"},"wordCount":249,"commentCount":0,"image":{"@id":"http:\/\/joxovurdnews.am\/?p=4575#primaryimage"},"thumbnailUrl":"http:\/\/joxovurdnews.am\/wp-content\/uploads\/2025\/06\/snapedit_1750311910556-734x1024-1.jpeg","articleSection":["NEWS","Video"],"inLanguage":"en-US","potentialAction":[{"@type":"CommentAction","name":"Comment","target":["http:\/\/joxovurdnews.am\/?p=4575#respond"]}]},{"@type":"WebPage","@id":"http:\/\/joxovurdnews.am\/?p=4575","url":"http:\/\/joxovurdnews.am\/?p=4575","name":"Cette mannequin allaite son b\u00e9b\u00e9 pendant un d\u00e9fil\u00e9 de mode : \u00ab Je veux que le monde voie \u00e7a \u00bb \u2013 Un geste fort qui a choqu\u00e9, mais aussi \u00e9mu la plan\u00e8te enti\u00e8re. -","isPartOf":{"@id":"http:\/\/joxovurdnews.am\/#website"},"primaryImageOfPage":{"@id":"http:\/\/joxovurdnews.am\/?p=4575#primaryimage"},"image":{"@id":"http:\/\/joxovurdnews.am\/?p=4575#primaryimage"},"thumbnailUrl":"http:\/\/joxovurdnews.am\/wp-content\/uploads\/2025\/06\/snapedit_1750311910556-734x1024-1.jpeg","datePublished":"2025-06-20T11:36:47+00:00","author":{"@id":"http:\/\/joxovurdnews.am\/#\/schema\/person\/4d367c54c9e2a9d36db9eaf33a76a84d"},"breadcrumb":{"@id":"http:\/\/joxovurdnews.am\/?p=4575#breadcrumb"},"inLanguage":"en-US","potentialAction":[{"@type":"ReadAction","target":["http:\/\/joxovurdnews.am\/?p=4575"]}]},{"@type":"ImageObject","inLanguage":"en-US","@id":"http:\/\/joxovurdnews.am\/?p=4575#primaryimage","url":"http:\/\/joxovurdnews.am\/wp-content\/uploads\/2025\/06\/snapedit_1750311910556-734x1024-1.jpeg","contentUrl":"http:\/\/joxovurdnews.am\/wp-content\/uploads\/2025\/06\/snapedit_1750311910556-734x1024-1.jpeg","width":734,"height":1024},{"@type":"BreadcrumbList","@id":"http:\/\/joxovurdnews.am\/?p=4575#breadcrumb","itemListElement":[{"@type":"ListItem","position":1,"name":"Home","item":"http:\/\/joxovurdnews.am\/"},{"@type":"ListItem","position":2,"name":"Cette mannequin allaite son b\u00e9b\u00e9 pendant un d\u00e9fil\u00e9 de mode : \u00ab Je veux que le monde voie \u00e7a \u00bb \u2013 Un geste fort qui a choqu\u00e9, mais aussi \u00e9mu la plan\u00e8te enti\u00e8re."}]},{"@type":"WebSite","@id":"http:\/\/joxovurdnews.am\/#website","url":"http:\/\/joxovurdnews.am\/","name":"","description":"","potentialAction":[{"@type":"SearchAction","target":{"@type":"EntryPoint","urlTemplate":"http:\/\/joxovurdnews.am\/?s={search_term_string}"},"query-input":{"@type":"PropertyValueSpecification","valueRequired":true,"valueName":"search_term_string"}}],"inLanguage":"en-US"},{"@type":"Person","@id":"http:\/\/joxovurdnews.am\/#\/schema\/person\/4d367c54c9e2a9d36db9eaf33a76a84d","name":"admin","image":{"@type":"ImageObject","inLanguage":"en-US","@id":"https:\/\/secure.gravatar.com\/avatar\/0ed435f9e4056e0930898ce78c89fa82fe18d3c798c761c71f1f33be878b3b0b?s=96&d=mm&r=g","url":"https:\/\/secure.gravatar.com\/avatar\/0ed435f9e4056e0930898ce78c89fa82fe18d3c798c761c71f1f33be878b3b0b?s=96&d=mm&r=g","contentUrl":"https:\/\/secure.gravatar.com\/avatar\/0ed435f9e4056e0930898ce78c89fa82fe18d3c798c761c71f1f33be878b3b0b?s=96&d=mm&r=g","caption":"admin"},"sameAs":["http:\/\/joxovurdnews.am"],"url":"http:\/\/joxovurdnews.am\/?author=1"}]}},"views":398,"_links":{"self":[{"href":"http:\/\/joxovurdnews.am\/index.php?rest_route=\/wp\/v2\/posts\/4575","targetHints":{"allow":["GET"]}}],"collection":[{"href":"http:\/\/joxovurdnews.am\/index.php?rest_route=\/wp\/v2\/posts"}],"about":[{"href":"http:\/\/joxovurdnews.am\/index.php?rest_route=\/wp\/v2\/types\/post"}],"author":[{"embeddable":true,"href":"http:\/\/joxovurdnews.am\/index.php?rest_route=\/wp\/v2\/users\/1"}],"replies":[{"embeddable":true,"href":"http:\/\/joxovurdnews.am\/index.php?rest_route=%2Fwp%2Fv2%2Fcomments&post=4575"}],"version-history":[{"count":1,"href":"http:\/\/joxovurdnews.am\/index.php?rest_route=\/wp\/v2\/posts\/4575\/revisions"}],"predecessor-version":[{"id":4577,"href":"http:\/\/joxovurdnews.am\/index.php?rest_route=\/wp\/v2\/posts\/4575\/revisions\/4577"}],"wp:featuredmedia":[{"embeddable":true,"href":"http:\/\/joxovurdnews.am\/index.php?rest_route=\/wp\/v2\/media\/4576"}],"wp:attachment":[{"href":"http:\/\/joxovurdnews.am\/index.php?rest_route=%2Fwp%2Fv2%2Fmedia&parent=4575"}],"wp:term":[{"taxonomy":"category","embeddable":true,"href":"http:\/\/joxovurdnews.am\/index.php?rest_route=%2Fwp%2Fv2%2Fcategories&post=4575"},{"taxonomy":"post_tag","embeddable":true,"href":"http:\/\/joxovurdnews.am\/index.php?rest_route=%2Fwp%2Fv2%2Ftags&post=4575"}],"curies":[{"name":"wp","href":"https:\/\/api.w.org\/{rel}","templated":true}]}}