{"id":4250,"date":"2025-06-03T19:58:04","date_gmt":"2025-06-03T18:58:04","guid":{"rendered":"https:\/\/joxovurdnews.am\/?p=4250"},"modified":"2025-06-03T19:58:06","modified_gmt":"2025-06-03T18:58:06","slug":"une-revolution-sur-le-podium-cette-mannequin-allaite-son-enfant-en-plein-defile-et-brise-les-tabous-de-la-maternite","status":"publish","type":"post","link":"http:\/\/joxovurdnews.am\/?p=4250","title":{"rendered":"Une r\u00e9volution sur le podium : cette mannequin allaite son enfant en plein d\u00e9fil\u00e9 et brise les tabous de la maternit\u00e9"},"content":{"rendered":"\n<p>C\u2019est une image qui fait d\u00e9j\u00e0 le tour du monde. Lors d\u2019un d\u00e9fil\u00e9 de mode tr\u00e8s attendu, au c\u0153ur d\u2019une Fashion Week pleine d\u2019extravagance et de nouveaut\u00e9s, une sc\u00e8ne a marqu\u00e9 les esprits bien au-del\u00e0 des v\u00eatements : une mannequin est apparue sur le podium, radieuse, v\u00eatue d\u2019une robe \u00e9l\u00e9gante, tenant dans ses bras son b\u00e9b\u00e9\u2026 qu\u2019elle allaitait en marchant. Ce n\u2019\u00e9tait ni une provocation, ni un accident, mais un choix pleinement assum\u00e9. Un geste doux, intime et puissant, devenu en quelques instants un acte profond\u00e9ment politique.<\/p>\n\n\n\n<figure class=\"wp-block-image size-full\"><img loading=\"lazy\" decoding=\"async\" width=\"1024\" height=\"543\" src=\"https:\/\/joxovurdnews.am\/wp-content\/uploads\/2025\/06\/image-10.png\" alt=\"\" class=\"wp-image-4251\" srcset=\"http:\/\/joxovurdnews.am\/wp-content\/uploads\/2025\/06\/image-10.png 1024w, http:\/\/joxovurdnews.am\/wp-content\/uploads\/2025\/06\/image-10-300x159.png 300w, http:\/\/joxovurdnews.am\/wp-content\/uploads\/2025\/06\/image-10-768x407.png 768w\" sizes=\"auto, (max-width: 1024px) 100vw, 1024px\" \/><\/figure>\n\n\n\n<p>\u00ab <em>J\u2019insiste pour que mon b\u00e9b\u00e9 soit allait\u00e9 en public<\/em> \u00bb, a-t-elle d\u00e9clar\u00e9 apr\u00e8s le show. \u00ab <em>C\u2019est naturel, c\u2019est vital, et cela ne devrait jamais \u00eatre vu comme quelque chose de honteux ou de d\u00e9rangeant.<\/em> \u00bb Dans un monde o\u00f9 le corps f\u00e9minin est souvent id\u00e9alis\u00e9, commercialis\u00e9 et filtr\u00e9, cette jeune femme a choisi de rappeler une r\u00e9alit\u00e9 essentielle : le corps d\u2019une femme, ce n\u2019est pas seulement un support esth\u00e9tique \u2014 c\u2019est aussi un corps qui donne la vie, qui nourrit, qui prot\u00e8ge.<\/p>\n\n\n\n<h4 class=\"wp-block-heading\">Un acte simple, un message fort<\/h4>\n\n\n\n<p>Dans l\u2019univers tr\u00e8s codifi\u00e9 de la mode, o\u00f9 chaque geste est chor\u00e9graphi\u00e9, chaque d\u00e9tail calcul\u00e9, l\u2019allaitement en direct sur le catwalk vient casser les r\u00e8gles \u00e9tablies. La mannequin, loin de chercher la provocation gratuite, revendique au contraire une vision inclusive et r\u00e9aliste de la f\u00e9minit\u00e9. \u00catre m\u00e8re et \u00eatre professionnelle, \u00eatre belle et \u00eatre engag\u00e9e, marcher pour une marque et nourrir son enfant \u2014 rien de tout cela ne devrait s\u2019exclure.<\/p>\n\n\n\n<p>Beaucoup de spectateurs ont applaudi, \u00e9mus. Sur les r\u00e9seaux sociaux, les r\u00e9actions ont \u00e9t\u00e9 vives, oscillant entre admiration totale et critiques conservatrices. Certains y voient un geste militant, d\u2019autres une atteinte \u00e0 la pudeur. Mais n\u2019est-ce pas pr\u00e9cis\u00e9ment le r\u00f4le de la mode, de l\u2019art, et des figures publiques \u2014 questionner les normes, faire \u00e9voluer les mentalit\u00e9s ?<\/p>\n\n\n\n<h4 class=\"wp-block-heading\">Une tendance vers plus d\u2019authenticit\u00e9<\/h4>\n\n\n\n<p>Cette sc\u00e8ne s\u2019inscrit dans un mouvement plus large : celui d\u2019une g\u00e9n\u00e9ration de femmes qui refusent d\u2019\u00eatre r\u00e9duites \u00e0 un seul r\u00f4le. Actrices, chanteuses, athl\u00e8tes \u2014 elles sont de plus en plus nombreuses \u00e0 revendiquer le droit d\u2019allaiter en public, sans g\u00eane ni justification. Ce n\u2019est pas une mode passag\u00e8re, c\u2019est un changement de regard sur la maternit\u00e9 dans l\u2019espace public.<\/p>\n\n\n\n<p>La mannequin en question, dont le nom est d\u00e9sormais sur toutes les l\u00e8vres, ne cherche ni \u00e0 choquer ni \u00e0 se mettre en avant : elle veut simplement vivre pleinement, sans se cacher. \u00ab <em>Je ne devrais pas avoir \u00e0 choisir entre mon travail et mon b\u00e9b\u00e9. Je suis les deux : une femme qui travaille, et une m\u00e8re qui allaite.<\/em> \u00bb<\/p>\n\n\n\n<h4 class=\"wp-block-heading\">Et maintenant ?<\/h4>\n\n\n\n<p>Le d\u00e9bat est lanc\u00e9. Les d\u00e9fil\u00e9s de demain seront-ils plus inclusifs ? Verra-t-on davantage de m\u00e8res, de corps r\u00e9els, de moments vrais sur sc\u00e8ne ? Une chose est certaine : ce moment restera comme un jalon important dans l\u2019histoire de la mode, et dans la lutte pour une repr\u00e9sentation plus compl\u00e8te, plus humaine, de la femme.<\/p>\n\n\n\n<p>En allaitant son enfant sur sc\u00e8ne, cette mannequin n\u2019a pas seulement nourri son b\u00e9b\u00e9. Elle a nourri un espoir : celui d\u2019un monde o\u00f9 les femmes peuvent \u00eatre elles-m\u00eames, pleinement, sans compromis.<\/p>\n","protected":false},"excerpt":{"rendered":"C\u2019est une image qui fait d\u00e9j\u00e0 le tour du monde. Lors d\u2019un d\u00e9fil\u00e9 de mode tr\u00e8s attendu, au c\u0153ur d\u2019une Fashion Week pleine \n<a class=\"moretag\" href=\"http:\/\/joxovurdnews.am\/?p=4250\"> [...]<\/a>","protected":false},"author":1,"featured_media":4251,"comment_status":"open","ping_status":"open","sticky":false,"template":"","format":"standard","meta":{"footnotes":""},"categories":[1,4],"tags":[],"class_list":["post-4250","post","type-post","status-publish","format-standard","has-post-thumbnail","hentry","category-uncategorised","category-select--"],"yoast_head":"<!-- This site is optimized with the Yoast SEO plugin v27.4 - https:\/\/yoast.com\/product\/yoast-seo-wordpress\/ -->\n<title>Une r\u00e9volution sur le podium : cette mannequin allaite son enfant en plein d\u00e9fil\u00e9 et brise les tabous de la maternit\u00e9 -<\/title>\n<meta name=\"robots\" content=\"index, follow, max-snippet:-1, max-image-preview:large, max-video-preview:-1\" \/>\n<link rel=\"canonical\" href=\"http:\/\/joxovurdnews.am\/?p=4250\" \/>\n<meta property=\"og:locale\" content=\"en_US\" \/>\n<meta property=\"og:type\" content=\"article\" \/>\n<meta property=\"og:title\" content=\"Une r\u00e9volution sur le podium : cette mannequin allaite son enfant en plein d\u00e9fil\u00e9 et brise les tabous de la maternit\u00e9 -\" \/>\n<meta property=\"og:description\" content=\"C\u2019est une image qui fait d\u00e9j\u00e0 le tour du monde. Lors d\u2019un d\u00e9fil\u00e9 de mode tr\u00e8s attendu, au c\u0153ur d\u2019une Fashion Week pleine\" \/>\n<meta property=\"og:url\" content=\"http:\/\/joxovurdnews.am\/?p=4250\" \/>\n<meta property=\"article:published_time\" content=\"2025-06-03T18:58:04+00:00\" \/>\n<meta property=\"article:modified_time\" content=\"2025-06-03T18:58:06+00:00\" \/>\n<meta property=\"og:image\" content=\"http:\/\/joxovurdnews.am\/wp-content\/uploads\/2025\/06\/image-10.png\" \/>\n\t<meta property=\"og:image:width\" content=\"1024\" \/>\n\t<meta property=\"og:image:height\" content=\"543\" \/>\n\t<meta property=\"og:image:type\" content=\"image\/png\" \/>\n<meta name=\"author\" content=\"admin\" \/>\n<meta name=\"twitter:card\" content=\"summary_large_image\" \/>\n<meta name=\"twitter:label1\" content=\"Written by\" \/>\n\t<meta name=\"twitter:data1\" content=\"admin\" \/>\n\t<meta name=\"twitter:label2\" content=\"Est. reading time\" \/>\n\t<meta name=\"twitter:data2\" content=\"3 minutes\" \/>\n<script type=\"application\/ld+json\" class=\"yoast-schema-graph\">{\"@context\":\"https:\\\/\\\/schema.org\",\"@graph\":[{\"@type\":\"Article\",\"@id\":\"http:\\\/\\\/joxovurdnews.am\\\/?p=4250#article\",\"isPartOf\":{\"@id\":\"http:\\\/\\\/joxovurdnews.am\\\/?p=4250\"},\"author\":{\"name\":\"admin\",\"@id\":\"http:\\\/\\\/joxovurdnews.am\\\/#\\\/schema\\\/person\\\/4d367c54c9e2a9d36db9eaf33a76a84d\"},\"headline\":\"Une r\u00e9volution sur le podium : cette mannequin allaite son enfant en plein d\u00e9fil\u00e9 et brise les tabous de la maternit\u00e9\",\"datePublished\":\"2025-06-03T18:58:04+00:00\",\"dateModified\":\"2025-06-03T18:58:06+00:00\",\"mainEntityOfPage\":{\"@id\":\"http:\\\/\\\/joxovurdnews.am\\\/?p=4250\"},\"wordCount\":608,\"commentCount\":0,\"image\":{\"@id\":\"http:\\\/\\\/joxovurdnews.am\\\/?p=4250#primaryimage\"},\"thumbnailUrl\":\"http:\\\/\\\/joxovurdnews.am\\\/wp-content\\\/uploads\\\/2025\\\/06\\\/image-10.png\",\"articleSection\":[\"NEWS\",\"Video\"],\"inLanguage\":\"en-US\",\"potentialAction\":[{\"@type\":\"CommentAction\",\"name\":\"Comment\",\"target\":[\"http:\\\/\\\/joxovurdnews.am\\\/?p=4250#respond\"]}]},{\"@type\":\"WebPage\",\"@id\":\"http:\\\/\\\/joxovurdnews.am\\\/?p=4250\",\"url\":\"http:\\\/\\\/joxovurdnews.am\\\/?p=4250\",\"name\":\"Une r\u00e9volution sur le podium : cette mannequin allaite son enfant en plein d\u00e9fil\u00e9 et brise les tabous de la maternit\u00e9 -\",\"isPartOf\":{\"@id\":\"http:\\\/\\\/joxovurdnews.am\\\/#website\"},\"primaryImageOfPage\":{\"@id\":\"http:\\\/\\\/joxovurdnews.am\\\/?p=4250#primaryimage\"},\"image\":{\"@id\":\"http:\\\/\\\/joxovurdnews.am\\\/?p=4250#primaryimage\"},\"thumbnailUrl\":\"http:\\\/\\\/joxovurdnews.am\\\/wp-content\\\/uploads\\\/2025\\\/06\\\/image-10.png\",\"datePublished\":\"2025-06-03T18:58:04+00:00\",\"dateModified\":\"2025-06-03T18:58:06+00:00\",\"author\":{\"@id\":\"http:\\\/\\\/joxovurdnews.am\\\/#\\\/schema\\\/person\\\/4d367c54c9e2a9d36db9eaf33a76a84d\"},\"breadcrumb\":{\"@id\":\"http:\\\/\\\/joxovurdnews.am\\\/?p=4250#breadcrumb\"},\"inLanguage\":\"en-US\",\"potentialAction\":[{\"@type\":\"ReadAction\",\"target\":[\"http:\\\/\\\/joxovurdnews.am\\\/?p=4250\"]}]},{\"@type\":\"ImageObject\",\"inLanguage\":\"en-US\",\"@id\":\"http:\\\/\\\/joxovurdnews.am\\\/?p=4250#primaryimage\",\"url\":\"http:\\\/\\\/joxovurdnews.am\\\/wp-content\\\/uploads\\\/2025\\\/06\\\/image-10.png\",\"contentUrl\":\"http:\\\/\\\/joxovurdnews.am\\\/wp-content\\\/uploads\\\/2025\\\/06\\\/image-10.png\",\"width\":1024,\"height\":543},{\"@type\":\"BreadcrumbList\",\"@id\":\"http:\\\/\\\/joxovurdnews.am\\\/?p=4250#breadcrumb\",\"itemListElement\":[{\"@type\":\"ListItem\",\"position\":1,\"name\":\"Home\",\"item\":\"http:\\\/\\\/joxovurdnews.am\\\/\"},{\"@type\":\"ListItem\",\"position\":2,\"name\":\"Une r\u00e9volution sur le podium : cette mannequin allaite son enfant en plein d\u00e9fil\u00e9 et brise les tabous de la maternit\u00e9\"}]},{\"@type\":\"WebSite\",\"@id\":\"http:\\\/\\\/joxovurdnews.am\\\/#website\",\"url\":\"http:\\\/\\\/joxovurdnews.am\\\/\",\"name\":\"\",\"description\":\"\",\"potentialAction\":[{\"@type\":\"SearchAction\",\"target\":{\"@type\":\"EntryPoint\",\"urlTemplate\":\"http:\\\/\\\/joxovurdnews.am\\\/?s={search_term_string}\"},\"query-input\":{\"@type\":\"PropertyValueSpecification\",\"valueRequired\":true,\"valueName\":\"search_term_string\"}}],\"inLanguage\":\"en-US\"},{\"@type\":\"Person\",\"@id\":\"http:\\\/\\\/joxovurdnews.am\\\/#\\\/schema\\\/person\\\/4d367c54c9e2a9d36db9eaf33a76a84d\",\"name\":\"admin\",\"image\":{\"@type\":\"ImageObject\",\"inLanguage\":\"en-US\",\"@id\":\"https:\\\/\\\/secure.gravatar.com\\\/avatar\\\/0ed435f9e4056e0930898ce78c89fa82fe18d3c798c761c71f1f33be878b3b0b?s=96&d=mm&r=g\",\"url\":\"https:\\\/\\\/secure.gravatar.com\\\/avatar\\\/0ed435f9e4056e0930898ce78c89fa82fe18d3c798c761c71f1f33be878b3b0b?s=96&d=mm&r=g\",\"contentUrl\":\"https:\\\/\\\/secure.gravatar.com\\\/avatar\\\/0ed435f9e4056e0930898ce78c89fa82fe18d3c798c761c71f1f33be878b3b0b?s=96&d=mm&r=g\",\"caption\":\"admin\"},\"sameAs\":[\"http:\\\/\\\/joxovurdnews.am\"],\"url\":\"http:\\\/\\\/joxovurdnews.am\\\/?author=1\"}]}<\/script>\n<!-- \/ Yoast SEO plugin. -->","yoast_head_json":{"title":"Une r\u00e9volution sur le podium : cette mannequin allaite son enfant en plein d\u00e9fil\u00e9 et brise les tabous de la maternit\u00e9 -","robots":{"index":"index","follow":"follow","max-snippet":"max-snippet:-1","max-image-preview":"max-image-preview:large","max-video-preview":"max-video-preview:-1"},"canonical":"http:\/\/joxovurdnews.am\/?p=4250","og_locale":"en_US","og_type":"article","og_title":"Une r\u00e9volution sur le podium : cette mannequin allaite son enfant en plein d\u00e9fil\u00e9 et brise les tabous de la maternit\u00e9 -","og_description":"C\u2019est une image qui fait d\u00e9j\u00e0 le tour du monde. Lors d\u2019un d\u00e9fil\u00e9 de mode tr\u00e8s attendu, au c\u0153ur d\u2019une Fashion Week pleine","og_url":"http:\/\/joxovurdnews.am\/?p=4250","article_published_time":"2025-06-03T18:58:04+00:00","article_modified_time":"2025-06-03T18:58:06+00:00","og_image":[{"width":1024,"height":543,"url":"http:\/\/joxovurdnews.am\/wp-content\/uploads\/2025\/06\/image-10.png","type":"image\/png"}],"author":"admin","twitter_card":"summary_large_image","twitter_misc":{"Written by":"admin","Est. reading time":"3 minutes"},"schema":{"@context":"https:\/\/schema.org","@graph":[{"@type":"Article","@id":"http:\/\/joxovurdnews.am\/?p=4250#article","isPartOf":{"@id":"http:\/\/joxovurdnews.am\/?p=4250"},"author":{"name":"admin","@id":"http:\/\/joxovurdnews.am\/#\/schema\/person\/4d367c54c9e2a9d36db9eaf33a76a84d"},"headline":"Une r\u00e9volution sur le podium : cette mannequin allaite son enfant en plein d\u00e9fil\u00e9 et brise les tabous de la maternit\u00e9","datePublished":"2025-06-03T18:58:04+00:00","dateModified":"2025-06-03T18:58:06+00:00","mainEntityOfPage":{"@id":"http:\/\/joxovurdnews.am\/?p=4250"},"wordCount":608,"commentCount":0,"image":{"@id":"http:\/\/joxovurdnews.am\/?p=4250#primaryimage"},"thumbnailUrl":"http:\/\/joxovurdnews.am\/wp-content\/uploads\/2025\/06\/image-10.png","articleSection":["NEWS","Video"],"inLanguage":"en-US","potentialAction":[{"@type":"CommentAction","name":"Comment","target":["http:\/\/joxovurdnews.am\/?p=4250#respond"]}]},{"@type":"WebPage","@id":"http:\/\/joxovurdnews.am\/?p=4250","url":"http:\/\/joxovurdnews.am\/?p=4250","name":"Une r\u00e9volution sur le podium : cette mannequin allaite son enfant en plein d\u00e9fil\u00e9 et brise les tabous de la maternit\u00e9 -","isPartOf":{"@id":"http:\/\/joxovurdnews.am\/#website"},"primaryImageOfPage":{"@id":"http:\/\/joxovurdnews.am\/?p=4250#primaryimage"},"image":{"@id":"http:\/\/joxovurdnews.am\/?p=4250#primaryimage"},"thumbnailUrl":"http:\/\/joxovurdnews.am\/wp-content\/uploads\/2025\/06\/image-10.png","datePublished":"2025-06-03T18:58:04+00:00","dateModified":"2025-06-03T18:58:06+00:00","author":{"@id":"http:\/\/joxovurdnews.am\/#\/schema\/person\/4d367c54c9e2a9d36db9eaf33a76a84d"},"breadcrumb":{"@id":"http:\/\/joxovurdnews.am\/?p=4250#breadcrumb"},"inLanguage":"en-US","potentialAction":[{"@type":"ReadAction","target":["http:\/\/joxovurdnews.am\/?p=4250"]}]},{"@type":"ImageObject","inLanguage":"en-US","@id":"http:\/\/joxovurdnews.am\/?p=4250#primaryimage","url":"http:\/\/joxovurdnews.am\/wp-content\/uploads\/2025\/06\/image-10.png","contentUrl":"http:\/\/joxovurdnews.am\/wp-content\/uploads\/2025\/06\/image-10.png","width":1024,"height":543},{"@type":"BreadcrumbList","@id":"http:\/\/joxovurdnews.am\/?p=4250#breadcrumb","itemListElement":[{"@type":"ListItem","position":1,"name":"Home","item":"http:\/\/joxovurdnews.am\/"},{"@type":"ListItem","position":2,"name":"Une r\u00e9volution sur le podium : cette mannequin allaite son enfant en plein d\u00e9fil\u00e9 et brise les tabous de la maternit\u00e9"}]},{"@type":"WebSite","@id":"http:\/\/joxovurdnews.am\/#website","url":"http:\/\/joxovurdnews.am\/","name":"","description":"","potentialAction":[{"@type":"SearchAction","target":{"@type":"EntryPoint","urlTemplate":"http:\/\/joxovurdnews.am\/?s={search_term_string}"},"query-input":{"@type":"PropertyValueSpecification","valueRequired":true,"valueName":"search_term_string"}}],"inLanguage":"en-US"},{"@type":"Person","@id":"http:\/\/joxovurdnews.am\/#\/schema\/person\/4d367c54c9e2a9d36db9eaf33a76a84d","name":"admin","image":{"@type":"ImageObject","inLanguage":"en-US","@id":"https:\/\/secure.gravatar.com\/avatar\/0ed435f9e4056e0930898ce78c89fa82fe18d3c798c761c71f1f33be878b3b0b?s=96&d=mm&r=g","url":"https:\/\/secure.gravatar.com\/avatar\/0ed435f9e4056e0930898ce78c89fa82fe18d3c798c761c71f1f33be878b3b0b?s=96&d=mm&r=g","contentUrl":"https:\/\/secure.gravatar.com\/avatar\/0ed435f9e4056e0930898ce78c89fa82fe18d3c798c761c71f1f33be878b3b0b?s=96&d=mm&r=g","caption":"admin"},"sameAs":["http:\/\/joxovurdnews.am"],"url":"http:\/\/joxovurdnews.am\/?author=1"}]}},"views":354,"_links":{"self":[{"href":"http:\/\/joxovurdnews.am\/index.php?rest_route=\/wp\/v2\/posts\/4250","targetHints":{"allow":["GET"]}}],"collection":[{"href":"http:\/\/joxovurdnews.am\/index.php?rest_route=\/wp\/v2\/posts"}],"about":[{"href":"http:\/\/joxovurdnews.am\/index.php?rest_route=\/wp\/v2\/types\/post"}],"author":[{"embeddable":true,"href":"http:\/\/joxovurdnews.am\/index.php?rest_route=\/wp\/v2\/users\/1"}],"replies":[{"embeddable":true,"href":"http:\/\/joxovurdnews.am\/index.php?rest_route=%2Fwp%2Fv2%2Fcomments&post=4250"}],"version-history":[{"count":1,"href":"http:\/\/joxovurdnews.am\/index.php?rest_route=\/wp\/v2\/posts\/4250\/revisions"}],"predecessor-version":[{"id":4252,"href":"http:\/\/joxovurdnews.am\/index.php?rest_route=\/wp\/v2\/posts\/4250\/revisions\/4252"}],"wp:featuredmedia":[{"embeddable":true,"href":"http:\/\/joxovurdnews.am\/index.php?rest_route=\/wp\/v2\/media\/4251"}],"wp:attachment":[{"href":"http:\/\/joxovurdnews.am\/index.php?rest_route=%2Fwp%2Fv2%2Fmedia&parent=4250"}],"wp:term":[{"taxonomy":"category","embeddable":true,"href":"http:\/\/joxovurdnews.am\/index.php?rest_route=%2Fwp%2Fv2%2Fcategories&post=4250"},{"taxonomy":"post_tag","embeddable":true,"href":"http:\/\/joxovurdnews.am\/index.php?rest_route=%2Fwp%2Fv2%2Ftags&post=4250"}],"curies":[{"name":"wp","href":"https:\/\/api.w.org\/{rel}","templated":true}]}}