{"id":3373,"date":"2025-02-12T04:02:14","date_gmt":"2025-02-12T04:02:14","guid":{"rendered":"https:\/\/joxovurdnews.am\/?p=3373"},"modified":"2025-02-12T04:02:15","modified_gmt":"2025-02-12T04:02:15","slug":"rafael-nadal-annonce-sa-retraite-du-tennis-et-larrivee-de-son-deuxieme-enfant-un-nouveau-chapitre-dans-sa-vie","status":"publish","type":"post","link":"http:\/\/joxovurdnews.am\/?p=3373","title":{"rendered":"Rafael Nadal annonce sa retraite du tennis et l\u2019arriv\u00e9e de son deuxi\u00e8me enfant : un nouveau chapitre dans sa vie"},"content":{"rendered":"\n<p>Le monde du tennis est en \u00e9tat de choc apr\u00e8s l\u2019annonce officielle de Rafael Nadal : il met fin \u00e0 sa carri\u00e8re l\u00e9gendaire. Mais cette nouvelle s\u2019accompagne d\u2019un autre \u00e9v\u00e9nement majeur dans sa vie personnelle : il attend son deuxi\u00e8me enfant avec sa femme Maria Francisca Perell\u00f3. Cette \u00e9tape marque le d\u00e9but d\u2019un nouveau chapitre, \u00e0 la fois sur le plan personnel et professionnel.<\/p>\n\n\n\n<p>Pourquoi Nadal prend-il sa retraite ?<br>Apr\u00e8s plus de 20 ans au sommet du tennis mondial, 22 titres du Grand Chelem et des centaines de matchs m\u00e9morables, Rafael Nadal a pris la difficile d\u00e9cision de se retirer. La principale raison : des blessures \u00e0 r\u00e9p\u00e9tition, qui ont fortement impact\u00e9 ses performances ces derni\u00e8res ann\u00e9es.<\/p>\n\n\n\n<p>Dans une r\u00e9cente interview, il a avou\u00e9 que son corps ne supportait plus l\u2019intensit\u00e9 du circuit professionnel, et qu\u2019il ne voulait plus souffrir physiquement pour continuer \u00e0 jouer. Aujourd\u2019hui, il souhaite se concentrer sur sa famille et son bien-\u00eatre.<\/p>\n\n\n\n<p>Un heureux \u00e9v\u00e9nement : bient\u00f4t p\u00e8re pour la deuxi\u00e8me fois<br>En parall\u00e8le de son retrait du tennis, Nadal a partag\u00e9 une autre grande nouvelle : sa femme est enceinte de leur deuxi\u00e8me enfant.<\/p>\n\n\n\n<figure class=\"wp-block-image size-large\"><img loading=\"lazy\" decoding=\"async\" width=\"869\" height=\"1024\" src=\"https:\/\/joxovurdnews.am\/wp-content\/uploads\/2025\/02\/2103-869x1024.jpeg\" alt=\"\" class=\"wp-image-3375\" srcset=\"http:\/\/joxovurdnews.am\/wp-content\/uploads\/2025\/02\/2103-869x1024.jpeg 869w, http:\/\/joxovurdnews.am\/wp-content\/uploads\/2025\/02\/2103-255x300.jpeg 255w, http:\/\/joxovurdnews.am\/wp-content\/uploads\/2025\/02\/2103-768x905.jpeg 768w, http:\/\/joxovurdnews.am\/wp-content\/uploads\/2025\/02\/2103-1304x1536.jpeg 1304w, http:\/\/joxovurdnews.am\/wp-content\/uploads\/2025\/02\/2103-1738x2048.jpeg 1738w, http:\/\/joxovurdnews.am\/wp-content\/uploads\/2025\/02\/2103.jpeg 1740w\" sizes=\"auto, (max-width: 869px) 100vw, 869px\" \/><\/figure>\n\n\n\n<p>Depuis toujours, la famille a occup\u00e9 une place essentielle dans la vie de Rafael Nadal. Aujourd\u2019hui, il est pr\u00eat \u00e0 embrasser pleinement son r\u00f4le de p\u00e8re et d\u2019\u00e9poux, en profitant des moments qu\u2019il n\u2019a pas pu vivre pleinement en raison de sa carri\u00e8re. Selon ses proches, il se r\u00e9jouit \u00e0 l\u2019id\u00e9e de passer plus de temps avec ses enfants et de mener une vie plus calme, loin du stress de la comp\u00e9tition.<\/p>\n\n\n\n<p>Le monde du tennis r\u00e9agit \u00e0 son d\u00e9part<br>L\u2019annonce de la retraite de Nadal a provoqu\u00e9 une vague d\u2019\u00e9motions parmi les fans et les joueurs du monde entier. Nombreux sont ceux qui lui rendent hommage pour son immense contribution au tennis.<\/p>\n\n\n\n<p>Son grand rival et ami, Roger Federer, a d\u00e9clar\u00e9 :<br>&#8220;Rafa, tu as \u00e9t\u00e9 bien plus qu\u2019un adversaire \u2013 tu as \u00e9t\u00e9 une source d\u2019inspiration constante. Le monde du tennis va te regretter, mais ton h\u00e9ritage restera grav\u00e9 pour toujours.&#8221;<\/p>\n\n\n\n<p>Quel avenir pour Rafael Nadal ?<br>Bien qu\u2019il quitte la comp\u00e9tition, Nadal ne compte pas s\u2019\u00e9loigner totalement du tennis. Il pr\u00e9voit de continuer \u00e0 d\u00e9velopper son acad\u00e9mie, d\u2019aider les jeunes talents et peut-\u00eatre de participer \u00e0 des matchs d\u2019exhibition.<\/p>\n\n\n\n<p>Mais avant tout, il se pr\u00e9pare \u00e0 entamer une nouvelle vie loin des courts, dans laquelle il pourra \u00eatre non seulement une l\u00e9gende du sport, mais aussi un p\u00e8re et un mari pleinement investi.<\/p>\n\n\n\n<p>La fin d\u2019une \u00e8re, mais pas la fin d\u2019une l\u00e9gende<br>Le d\u00e9part de Rafael Nadal marque la fin d\u2019une \u00e9poque pour le tennis mondial. Son nom restera grav\u00e9 dans l\u2019histoire du sport, non seulement pour ses titres, mais aussi pour sa passion, son humilit\u00e9 et son incroyable force mentale. Son h\u00e9ritage continuera d\u2019inspirer les g\u00e9n\u00e9rations futures, et son impact sur le tennis ne dispara\u00eetra jamais.<\/p>\n","protected":false},"excerpt":{"rendered":"Le monde du tennis est en \u00e9tat de choc apr\u00e8s l\u2019annonce officielle de Rafael Nadal : il met fin \u00e0 sa carri\u00e8re l\u00e9gendaire. \n<a class=\"moretag\" href=\"http:\/\/joxovurdnews.am\/?p=3373\"> [...]<\/a>","protected":false},"author":1,"featured_media":3374,"comment_status":"open","ping_status":"open","sticky":false,"template":"","format":"standard","meta":{"footnotes":""},"categories":[1,4],"tags":[],"class_list":["post-3373","post","type-post","status-publish","format-standard","has-post-thumbnail","hentry","category-uncategorised","category-select--"],"yoast_head":"<!-- This site is optimized with the Yoast SEO plugin v27.4 - https:\/\/yoast.com\/product\/yoast-seo-wordpress\/ -->\n<title>Rafael Nadal annonce sa retraite du tennis et l\u2019arriv\u00e9e de son deuxi\u00e8me enfant : un nouveau chapitre dans sa vie -<\/title>\n<meta name=\"robots\" content=\"index, follow, max-snippet:-1, max-image-preview:large, max-video-preview:-1\" \/>\n<link rel=\"canonical\" href=\"http:\/\/joxovurdnews.am\/?p=3373\" \/>\n<meta property=\"og:locale\" content=\"en_US\" \/>\n<meta property=\"og:type\" content=\"article\" \/>\n<meta property=\"og:title\" content=\"Rafael Nadal annonce sa retraite du tennis et l\u2019arriv\u00e9e de son deuxi\u00e8me enfant : un nouveau chapitre dans sa vie -\" \/>\n<meta property=\"og:description\" content=\"Le monde du tennis est en \u00e9tat de choc apr\u00e8s l\u2019annonce officielle de Rafael Nadal : il met fin \u00e0 sa carri\u00e8re l\u00e9gendaire.\" \/>\n<meta property=\"og:url\" content=\"http:\/\/joxovurdnews.am\/?p=3373\" \/>\n<meta property=\"article:published_time\" content=\"2025-02-12T04:02:14+00:00\" \/>\n<meta property=\"article:modified_time\" content=\"2025-02-12T04:02:15+00:00\" \/>\n<meta property=\"og:image\" content=\"http:\/\/joxovurdnews.am\/wp-content\/uploads\/2025\/02\/58996.jpeg\" \/>\n\t<meta property=\"og:image:width\" content=\"1740\" \/>\n\t<meta property=\"og:image:height\" content=\"2050\" \/>\n\t<meta property=\"og:image:type\" content=\"image\/jpeg\" \/>\n<meta name=\"author\" content=\"admin\" \/>\n<meta name=\"twitter:card\" content=\"summary_large_image\" \/>\n<meta name=\"twitter:label1\" content=\"Written by\" \/>\n\t<meta name=\"twitter:data1\" content=\"admin\" \/>\n\t<meta name=\"twitter:label2\" content=\"Est. reading time\" \/>\n\t<meta name=\"twitter:data2\" content=\"3 minutes\" \/>\n<script type=\"application\/ld+json\" class=\"yoast-schema-graph\">{\"@context\":\"https:\\\/\\\/schema.org\",\"@graph\":[{\"@type\":\"Article\",\"@id\":\"http:\\\/\\\/joxovurdnews.am\\\/?p=3373#article\",\"isPartOf\":{\"@id\":\"http:\\\/\\\/joxovurdnews.am\\\/?p=3373\"},\"author\":{\"name\":\"admin\",\"@id\":\"https:\\\/\\\/joxovurdnews.am\\\/#\\\/schema\\\/person\\\/4d367c54c9e2a9d36db9eaf33a76a84d\"},\"headline\":\"Rafael Nadal annonce sa retraite du tennis et l\u2019arriv\u00e9e de son deuxi\u00e8me enfant : un nouveau chapitre dans sa vie\",\"datePublished\":\"2025-02-12T04:02:14+00:00\",\"dateModified\":\"2025-02-12T04:02:15+00:00\",\"mainEntityOfPage\":{\"@id\":\"http:\\\/\\\/joxovurdnews.am\\\/?p=3373\"},\"wordCount\":550,\"commentCount\":0,\"image\":{\"@id\":\"http:\\\/\\\/joxovurdnews.am\\\/?p=3373#primaryimage\"},\"thumbnailUrl\":\"http:\\\/\\\/joxovurdnews.am\\\/wp-content\\\/uploads\\\/2025\\\/02\\\/58996.jpeg\",\"articleSection\":[\"NEWS\",\"Video\"],\"inLanguage\":\"en-US\",\"potentialAction\":[{\"@type\":\"CommentAction\",\"name\":\"Comment\",\"target\":[\"http:\\\/\\\/joxovurdnews.am\\\/?p=3373#respond\"]}]},{\"@type\":\"WebPage\",\"@id\":\"http:\\\/\\\/joxovurdnews.am\\\/?p=3373\",\"url\":\"http:\\\/\\\/joxovurdnews.am\\\/?p=3373\",\"name\":\"Rafael Nadal annonce sa retraite du tennis et l\u2019arriv\u00e9e de son deuxi\u00e8me enfant : un nouveau chapitre dans sa vie -\",\"isPartOf\":{\"@id\":\"https:\\\/\\\/joxovurdnews.am\\\/#website\"},\"primaryImageOfPage\":{\"@id\":\"http:\\\/\\\/joxovurdnews.am\\\/?p=3373#primaryimage\"},\"image\":{\"@id\":\"http:\\\/\\\/joxovurdnews.am\\\/?p=3373#primaryimage\"},\"thumbnailUrl\":\"http:\\\/\\\/joxovurdnews.am\\\/wp-content\\\/uploads\\\/2025\\\/02\\\/58996.jpeg\",\"datePublished\":\"2025-02-12T04:02:14+00:00\",\"dateModified\":\"2025-02-12T04:02:15+00:00\",\"author\":{\"@id\":\"https:\\\/\\\/joxovurdnews.am\\\/#\\\/schema\\\/person\\\/4d367c54c9e2a9d36db9eaf33a76a84d\"},\"breadcrumb\":{\"@id\":\"http:\\\/\\\/joxovurdnews.am\\\/?p=3373#breadcrumb\"},\"inLanguage\":\"en-US\",\"potentialAction\":[{\"@type\":\"ReadAction\",\"target\":[\"http:\\\/\\\/joxovurdnews.am\\\/?p=3373\"]}]},{\"@type\":\"ImageObject\",\"inLanguage\":\"en-US\",\"@id\":\"http:\\\/\\\/joxovurdnews.am\\\/?p=3373#primaryimage\",\"url\":\"http:\\\/\\\/joxovurdnews.am\\\/wp-content\\\/uploads\\\/2025\\\/02\\\/58996.jpeg\",\"contentUrl\":\"http:\\\/\\\/joxovurdnews.am\\\/wp-content\\\/uploads\\\/2025\\\/02\\\/58996.jpeg\",\"width\":1740,\"height\":2050},{\"@type\":\"BreadcrumbList\",\"@id\":\"http:\\\/\\\/joxovurdnews.am\\\/?p=3373#breadcrumb\",\"itemListElement\":[{\"@type\":\"ListItem\",\"position\":1,\"name\":\"Home\",\"item\":\"https:\\\/\\\/joxovurdnews.am\\\/\"},{\"@type\":\"ListItem\",\"position\":2,\"name\":\"Rafael Nadal annonce sa retraite du tennis et l\u2019arriv\u00e9e de son deuxi\u00e8me enfant : un nouveau chapitre dans sa vie\"}]},{\"@type\":\"WebSite\",\"@id\":\"https:\\\/\\\/joxovurdnews.am\\\/#website\",\"url\":\"https:\\\/\\\/joxovurdnews.am\\\/\",\"name\":\"\",\"description\":\"\",\"potentialAction\":[{\"@type\":\"SearchAction\",\"target\":{\"@type\":\"EntryPoint\",\"urlTemplate\":\"https:\\\/\\\/joxovurdnews.am\\\/?s={search_term_string}\"},\"query-input\":{\"@type\":\"PropertyValueSpecification\",\"valueRequired\":true,\"valueName\":\"search_term_string\"}}],\"inLanguage\":\"en-US\"},{\"@type\":\"Person\",\"@id\":\"https:\\\/\\\/joxovurdnews.am\\\/#\\\/schema\\\/person\\\/4d367c54c9e2a9d36db9eaf33a76a84d\",\"name\":\"admin\",\"image\":{\"@type\":\"ImageObject\",\"inLanguage\":\"en-US\",\"@id\":\"https:\\\/\\\/secure.gravatar.com\\\/avatar\\\/0ed435f9e4056e0930898ce78c89fa82fe18d3c798c761c71f1f33be878b3b0b?s=96&d=mm&r=g\",\"url\":\"https:\\\/\\\/secure.gravatar.com\\\/avatar\\\/0ed435f9e4056e0930898ce78c89fa82fe18d3c798c761c71f1f33be878b3b0b?s=96&d=mm&r=g\",\"contentUrl\":\"https:\\\/\\\/secure.gravatar.com\\\/avatar\\\/0ed435f9e4056e0930898ce78c89fa82fe18d3c798c761c71f1f33be878b3b0b?s=96&d=mm&r=g\",\"caption\":\"admin\"},\"sameAs\":[\"http:\\\/\\\/joxovurdnews.am\"],\"url\":\"http:\\\/\\\/joxovurdnews.am\\\/?author=1\"}]}<\/script>\n<!-- \/ Yoast SEO plugin. -->","yoast_head_json":{"title":"Rafael Nadal annonce sa retraite du tennis et l\u2019arriv\u00e9e de son deuxi\u00e8me enfant : un nouveau chapitre dans sa vie -","robots":{"index":"index","follow":"follow","max-snippet":"max-snippet:-1","max-image-preview":"max-image-preview:large","max-video-preview":"max-video-preview:-1"},"canonical":"http:\/\/joxovurdnews.am\/?p=3373","og_locale":"en_US","og_type":"article","og_title":"Rafael Nadal annonce sa retraite du tennis et l\u2019arriv\u00e9e de son deuxi\u00e8me enfant : un nouveau chapitre dans sa vie -","og_description":"Le monde du tennis est en \u00e9tat de choc apr\u00e8s l\u2019annonce officielle de Rafael Nadal : il met fin \u00e0 sa carri\u00e8re l\u00e9gendaire.","og_url":"http:\/\/joxovurdnews.am\/?p=3373","article_published_time":"2025-02-12T04:02:14+00:00","article_modified_time":"2025-02-12T04:02:15+00:00","og_image":[{"width":1740,"height":2050,"url":"http:\/\/joxovurdnews.am\/wp-content\/uploads\/2025\/02\/58996.jpeg","type":"image\/jpeg"}],"author":"admin","twitter_card":"summary_large_image","twitter_misc":{"Written by":"admin","Est. reading time":"3 minutes"},"schema":{"@context":"https:\/\/schema.org","@graph":[{"@type":"Article","@id":"http:\/\/joxovurdnews.am\/?p=3373#article","isPartOf":{"@id":"http:\/\/joxovurdnews.am\/?p=3373"},"author":{"name":"admin","@id":"https:\/\/joxovurdnews.am\/#\/schema\/person\/4d367c54c9e2a9d36db9eaf33a76a84d"},"headline":"Rafael Nadal annonce sa retraite du tennis et l\u2019arriv\u00e9e de son deuxi\u00e8me enfant : un nouveau chapitre dans sa vie","datePublished":"2025-02-12T04:02:14+00:00","dateModified":"2025-02-12T04:02:15+00:00","mainEntityOfPage":{"@id":"http:\/\/joxovurdnews.am\/?p=3373"},"wordCount":550,"commentCount":0,"image":{"@id":"http:\/\/joxovurdnews.am\/?p=3373#primaryimage"},"thumbnailUrl":"http:\/\/joxovurdnews.am\/wp-content\/uploads\/2025\/02\/58996.jpeg","articleSection":["NEWS","Video"],"inLanguage":"en-US","potentialAction":[{"@type":"CommentAction","name":"Comment","target":["http:\/\/joxovurdnews.am\/?p=3373#respond"]}]},{"@type":"WebPage","@id":"http:\/\/joxovurdnews.am\/?p=3373","url":"http:\/\/joxovurdnews.am\/?p=3373","name":"Rafael Nadal annonce sa retraite du tennis et l\u2019arriv\u00e9e de son deuxi\u00e8me enfant : un nouveau chapitre dans sa vie -","isPartOf":{"@id":"https:\/\/joxovurdnews.am\/#website"},"primaryImageOfPage":{"@id":"http:\/\/joxovurdnews.am\/?p=3373#primaryimage"},"image":{"@id":"http:\/\/joxovurdnews.am\/?p=3373#primaryimage"},"thumbnailUrl":"http:\/\/joxovurdnews.am\/wp-content\/uploads\/2025\/02\/58996.jpeg","datePublished":"2025-02-12T04:02:14+00:00","dateModified":"2025-02-12T04:02:15+00:00","author":{"@id":"https:\/\/joxovurdnews.am\/#\/schema\/person\/4d367c54c9e2a9d36db9eaf33a76a84d"},"breadcrumb":{"@id":"http:\/\/joxovurdnews.am\/?p=3373#breadcrumb"},"inLanguage":"en-US","potentialAction":[{"@type":"ReadAction","target":["http:\/\/joxovurdnews.am\/?p=3373"]}]},{"@type":"ImageObject","inLanguage":"en-US","@id":"http:\/\/joxovurdnews.am\/?p=3373#primaryimage","url":"http:\/\/joxovurdnews.am\/wp-content\/uploads\/2025\/02\/58996.jpeg","contentUrl":"http:\/\/joxovurdnews.am\/wp-content\/uploads\/2025\/02\/58996.jpeg","width":1740,"height":2050},{"@type":"BreadcrumbList","@id":"http:\/\/joxovurdnews.am\/?p=3373#breadcrumb","itemListElement":[{"@type":"ListItem","position":1,"name":"Home","item":"https:\/\/joxovurdnews.am\/"},{"@type":"ListItem","position":2,"name":"Rafael Nadal annonce sa retraite du tennis et l\u2019arriv\u00e9e de son deuxi\u00e8me enfant : un nouveau chapitre dans sa vie"}]},{"@type":"WebSite","@id":"https:\/\/joxovurdnews.am\/#website","url":"https:\/\/joxovurdnews.am\/","name":"","description":"","potentialAction":[{"@type":"SearchAction","target":{"@type":"EntryPoint","urlTemplate":"https:\/\/joxovurdnews.am\/?s={search_term_string}"},"query-input":{"@type":"PropertyValueSpecification","valueRequired":true,"valueName":"search_term_string"}}],"inLanguage":"en-US"},{"@type":"Person","@id":"https:\/\/joxovurdnews.am\/#\/schema\/person\/4d367c54c9e2a9d36db9eaf33a76a84d","name":"admin","image":{"@type":"ImageObject","inLanguage":"en-US","@id":"https:\/\/secure.gravatar.com\/avatar\/0ed435f9e4056e0930898ce78c89fa82fe18d3c798c761c71f1f33be878b3b0b?s=96&d=mm&r=g","url":"https:\/\/secure.gravatar.com\/avatar\/0ed435f9e4056e0930898ce78c89fa82fe18d3c798c761c71f1f33be878b3b0b?s=96&d=mm&r=g","contentUrl":"https:\/\/secure.gravatar.com\/avatar\/0ed435f9e4056e0930898ce78c89fa82fe18d3c798c761c71f1f33be878b3b0b?s=96&d=mm&r=g","caption":"admin"},"sameAs":["http:\/\/joxovurdnews.am"],"url":"http:\/\/joxovurdnews.am\/?author=1"}]}},"views":418,"_links":{"self":[{"href":"http:\/\/joxovurdnews.am\/index.php?rest_route=\/wp\/v2\/posts\/3373","targetHints":{"allow":["GET"]}}],"collection":[{"href":"http:\/\/joxovurdnews.am\/index.php?rest_route=\/wp\/v2\/posts"}],"about":[{"href":"http:\/\/joxovurdnews.am\/index.php?rest_route=\/wp\/v2\/types\/post"}],"author":[{"embeddable":true,"href":"http:\/\/joxovurdnews.am\/index.php?rest_route=\/wp\/v2\/users\/1"}],"replies":[{"embeddable":true,"href":"http:\/\/joxovurdnews.am\/index.php?rest_route=%2Fwp%2Fv2%2Fcomments&post=3373"}],"version-history":[{"count":1,"href":"http:\/\/joxovurdnews.am\/index.php?rest_route=\/wp\/v2\/posts\/3373\/revisions"}],"predecessor-version":[{"id":3376,"href":"http:\/\/joxovurdnews.am\/index.php?rest_route=\/wp\/v2\/posts\/3373\/revisions\/3376"}],"wp:featuredmedia":[{"embeddable":true,"href":"http:\/\/joxovurdnews.am\/index.php?rest_route=\/wp\/v2\/media\/3374"}],"wp:attachment":[{"href":"http:\/\/joxovurdnews.am\/index.php?rest_route=%2Fwp%2Fv2%2Fmedia&parent=3373"}],"wp:term":[{"taxonomy":"category","embeddable":true,"href":"http:\/\/joxovurdnews.am\/index.php?rest_route=%2Fwp%2Fv2%2Fcategories&post=3373"},{"taxonomy":"post_tag","embeddable":true,"href":"http:\/\/joxovurdnews.am\/index.php?rest_route=%2Fwp%2Fv2%2Ftags&post=3373"}],"curies":[{"name":"wp","href":"https:\/\/api.w.org\/{rel}","templated":true}]}}