{"id":3370,"date":"2025-02-11T19:09:40","date_gmt":"2025-02-11T19:09:40","guid":{"rendered":"https:\/\/joxovurdnews.am\/?p=3370"},"modified":"2025-02-11T19:09:42","modified_gmt":"2025-02-11T19:09:42","slug":"rafael-nadal-annonce-sa-retraite-du-tennis-et-larrivee-de-son-deuxieme-enfant","status":"publish","type":"post","link":"http:\/\/joxovurdnews.am\/?p=3370","title":{"rendered":"Rafael Nadal annonce sa retraite du tennis et l\u2019arriv\u00e9e de son deuxi\u00e8me enfant"},"content":{"rendered":"\n<p>Le monde du sport est sous le choc apr\u00e8s l\u2019annonce inattendue de Rafael Nadal : il met officiellement fin \u00e0 sa carri\u00e8re de tennisman professionnel. Mais ce n\u2019est pas la seule nouvelle marquante \u2013 la l\u00e9gende espagnole s\u2019appr\u00eate \u00e9galement \u00e0 devenir p\u00e8re pour la deuxi\u00e8me fois, ouvrant ainsi un tout nouveau chapitre de sa vie.<\/p>\n\n\n\n<p>La fin d\u2019une \u00e8re : pourquoi Nadal quitte le tennis ?<br>Apr\u00e8s des d\u00e9cennies au sommet du tennis mondial, 22 titres du Grand Chelem et des matchs l\u00e9gendaires, Rafael Nadal a d\u00e9cid\u00e9 de tirer sa r\u00e9v\u00e9rence. La raison principale : les blessures \u00e0 r\u00e9p\u00e9tition qui l\u2019ont poursuivi ces derni\u00e8res ann\u00e9es.<\/p>\n\n\n\n<p>Malgr\u00e9 une d\u00e9termination sans faille et une incroyable force mentale, l\u2019Espagnol a admis que son corps ne supportait plus les exigences du haut niveau. Dans une r\u00e9cente interview, il a confi\u00e9 que le moment \u00e9tait venu de prioriser sa sant\u00e9 et sa famille.<\/p>\n\n\n\n<figure class=\"wp-block-image size-large\"><img loading=\"lazy\" decoding=\"async\" width=\"869\" height=\"1024\" src=\"http:\/\/joxovurdnews.am\/wp-content\/uploads\/2025\/02\/52630-869x1024.jpeg\" alt=\"\" class=\"wp-image-3371\" srcset=\"http:\/\/joxovurdnews.am\/wp-content\/uploads\/2025\/02\/52630-869x1024.jpeg 869w, http:\/\/joxovurdnews.am\/wp-content\/uploads\/2025\/02\/52630-255x300.jpeg 255w, http:\/\/joxovurdnews.am\/wp-content\/uploads\/2025\/02\/52630-768x905.jpeg 768w, http:\/\/joxovurdnews.am\/wp-content\/uploads\/2025\/02\/52630-1304x1536.jpeg 1304w, http:\/\/joxovurdnews.am\/wp-content\/uploads\/2025\/02\/52630-1738x2048.jpeg 1738w, http:\/\/joxovurdnews.am\/wp-content\/uploads\/2025\/02\/52630.jpeg 1740w\" sizes=\"auto, (max-width: 869px) 100vw, 869px\" \/><\/figure>\n\n\n\n<p>Un nouveau chapitre personnel : bient\u00f4t papa pour la deuxi\u00e8me fois<br>En parall\u00e8le \u00e0 cette annonce, Nadal a \u00e9galement partag\u00e9 une nouvelle plus intime et heureuse : il va devenir p\u00e8re pour la deuxi\u00e8me fois avec sa femme Maria Francisca Perell\u00f3.<\/p>\n\n\n\n<p>Proche de sa famille, Nadal a toujours fait de sa vie personnelle une priorit\u00e9. Selon ses proches, il attend avec impatience de pouvoir passer plus de temps avec ses enfants, voyager sans la pression des comp\u00e9titions et profiter des moments que sa carri\u00e8re l\u2019a souvent contraint \u00e0 sacrifier.<\/p>\n\n\n\n<p>Le monde du sport r\u00e9agit \u00e0 son d\u00e9part<br>L\u2019annonce de la retraite de Nadal a provoqu\u00e9 une vague d\u2019\u00e9motions. De nombreux joueurs, anciens adversaires et fans du monde entier lui rendent hommage pour son impact historique sur le tennis.<\/p>\n\n\n\n<p>Son rival et ami de toujours, Roger Federer, a d\u00e9clar\u00e9 :<br>&#8220;Rafa, tu as \u00e9t\u00e9 bien plus qu\u2019un adversaire \u2013 tu as \u00e9t\u00e9 une source de motivation constante. Ton d\u00e9part est une immense perte pour le tennis, mais ton h\u00e9ritage restera \u00e0 jamais.&#8221;<\/p>\n\n\n\n<p>Que r\u00e9serve l\u2019avenir \u00e0 Nadal ?<br>S\u2019il quitte le circuit professionnel, Nadal ne compte pas pour autant s\u2019\u00e9loigner compl\u00e8tement du monde du tennis. Il souhaite continuer \u00e0 d\u00e9velopper son acad\u00e9mie, accompagner les jeunes talents et peut-\u00eatre participer \u00e0 des matchs d\u2019exhibition.<\/p>\n\n\n\n<p>Mais surtout, il aspire d\u00e9sormais \u00e0 jouer son plus beau r\u00f4le : celui de p\u00e8re, d\u2019\u00e9poux et d\u2019homme libre de toute contrainte sportive.<\/p>\n\n\n\n<p>Le d\u00e9part de Rafael Nadal marque la fin d\u2019une \u00e9poque. Son nom restera \u00e0 jamais grav\u00e9 dans l\u2019histoire du tennis, et son influence sur le sport est inestimable.<\/p>\n","protected":false},"excerpt":{"rendered":"Le monde du sport est sous le choc apr\u00e8s l\u2019annonce inattendue de Rafael Nadal : il met officiellement fin \u00e0 sa carri\u00e8re de \n<a class=\"moretag\" href=\"http:\/\/joxovurdnews.am\/?p=3370\"> [...]<\/a>","protected":false},"author":1,"featured_media":3371,"comment_status":"open","ping_status":"open","sticky":false,"template":"","format":"standard","meta":{"footnotes":""},"categories":[1,4],"tags":[],"class_list":["post-3370","post","type-post","status-publish","format-standard","has-post-thumbnail","hentry","category-uncategorised","category-select--"],"yoast_head":"<!-- This site is optimized with the Yoast SEO plugin v27.4 - https:\/\/yoast.com\/product\/yoast-seo-wordpress\/ -->\n<title>Rafael Nadal annonce sa retraite du tennis et l\u2019arriv\u00e9e de son deuxi\u00e8me enfant -<\/title>\n<meta name=\"robots\" content=\"index, follow, max-snippet:-1, max-image-preview:large, max-video-preview:-1\" \/>\n<link rel=\"canonical\" href=\"http:\/\/joxovurdnews.am\/?p=3370\" \/>\n<meta property=\"og:locale\" content=\"en_US\" \/>\n<meta property=\"og:type\" content=\"article\" \/>\n<meta property=\"og:title\" content=\"Rafael Nadal annonce sa retraite du tennis et l\u2019arriv\u00e9e de son deuxi\u00e8me enfant -\" \/>\n<meta property=\"og:description\" content=\"Le monde du sport est sous le choc apr\u00e8s l\u2019annonce inattendue de Rafael Nadal : il met officiellement fin \u00e0 sa carri\u00e8re de\" \/>\n<meta property=\"og:url\" content=\"http:\/\/joxovurdnews.am\/?p=3370\" \/>\n<meta property=\"article:published_time\" content=\"2025-02-11T19:09:40+00:00\" \/>\n<meta property=\"article:modified_time\" content=\"2025-02-11T19:09:42+00:00\" \/>\n<meta property=\"og:image\" content=\"http:\/\/joxovurdnews.am\/wp-content\/uploads\/2025\/02\/52630.jpeg\" \/>\n\t<meta property=\"og:image:width\" content=\"1740\" \/>\n\t<meta property=\"og:image:height\" content=\"2050\" \/>\n\t<meta property=\"og:image:type\" content=\"image\/jpeg\" \/>\n<meta name=\"author\" content=\"admin\" \/>\n<meta name=\"twitter:card\" content=\"summary_large_image\" \/>\n<meta name=\"twitter:label1\" content=\"Written by\" \/>\n\t<meta name=\"twitter:data1\" content=\"admin\" \/>\n\t<meta name=\"twitter:label2\" content=\"Est. reading time\" \/>\n\t<meta name=\"twitter:data2\" content=\"3 minutes\" \/>\n<script type=\"application\/ld+json\" class=\"yoast-schema-graph\">{\"@context\":\"https:\\\/\\\/schema.org\",\"@graph\":[{\"@type\":\"Article\",\"@id\":\"http:\\\/\\\/joxovurdnews.am\\\/?p=3370#article\",\"isPartOf\":{\"@id\":\"http:\\\/\\\/joxovurdnews.am\\\/?p=3370\"},\"author\":{\"name\":\"admin\",\"@id\":\"https:\\\/\\\/joxovurdnews.am\\\/#\\\/schema\\\/person\\\/4d367c54c9e2a9d36db9eaf33a76a84d\"},\"headline\":\"Rafael Nadal annonce sa retraite du tennis et l\u2019arriv\u00e9e de son deuxi\u00e8me enfant\",\"datePublished\":\"2025-02-11T19:09:40+00:00\",\"dateModified\":\"2025-02-11T19:09:42+00:00\",\"mainEntityOfPage\":{\"@id\":\"http:\\\/\\\/joxovurdnews.am\\\/?p=3370\"},\"wordCount\":458,\"commentCount\":0,\"image\":{\"@id\":\"http:\\\/\\\/joxovurdnews.am\\\/?p=3370#primaryimage\"},\"thumbnailUrl\":\"http:\\\/\\\/joxovurdnews.am\\\/wp-content\\\/uploads\\\/2025\\\/02\\\/52630.jpeg\",\"articleSection\":[\"NEWS\",\"Video\"],\"inLanguage\":\"en-US\",\"potentialAction\":[{\"@type\":\"CommentAction\",\"name\":\"Comment\",\"target\":[\"http:\\\/\\\/joxovurdnews.am\\\/?p=3370#respond\"]}]},{\"@type\":\"WebPage\",\"@id\":\"http:\\\/\\\/joxovurdnews.am\\\/?p=3370\",\"url\":\"http:\\\/\\\/joxovurdnews.am\\\/?p=3370\",\"name\":\"Rafael Nadal annonce sa retraite du tennis et l\u2019arriv\u00e9e de son deuxi\u00e8me enfant -\",\"isPartOf\":{\"@id\":\"https:\\\/\\\/joxovurdnews.am\\\/#website\"},\"primaryImageOfPage\":{\"@id\":\"http:\\\/\\\/joxovurdnews.am\\\/?p=3370#primaryimage\"},\"image\":{\"@id\":\"http:\\\/\\\/joxovurdnews.am\\\/?p=3370#primaryimage\"},\"thumbnailUrl\":\"http:\\\/\\\/joxovurdnews.am\\\/wp-content\\\/uploads\\\/2025\\\/02\\\/52630.jpeg\",\"datePublished\":\"2025-02-11T19:09:40+00:00\",\"dateModified\":\"2025-02-11T19:09:42+00:00\",\"author\":{\"@id\":\"https:\\\/\\\/joxovurdnews.am\\\/#\\\/schema\\\/person\\\/4d367c54c9e2a9d36db9eaf33a76a84d\"},\"breadcrumb\":{\"@id\":\"http:\\\/\\\/joxovurdnews.am\\\/?p=3370#breadcrumb\"},\"inLanguage\":\"en-US\",\"potentialAction\":[{\"@type\":\"ReadAction\",\"target\":[\"http:\\\/\\\/joxovurdnews.am\\\/?p=3370\"]}]},{\"@type\":\"ImageObject\",\"inLanguage\":\"en-US\",\"@id\":\"http:\\\/\\\/joxovurdnews.am\\\/?p=3370#primaryimage\",\"url\":\"http:\\\/\\\/joxovurdnews.am\\\/wp-content\\\/uploads\\\/2025\\\/02\\\/52630.jpeg\",\"contentUrl\":\"http:\\\/\\\/joxovurdnews.am\\\/wp-content\\\/uploads\\\/2025\\\/02\\\/52630.jpeg\",\"width\":1740,\"height\":2050},{\"@type\":\"BreadcrumbList\",\"@id\":\"http:\\\/\\\/joxovurdnews.am\\\/?p=3370#breadcrumb\",\"itemListElement\":[{\"@type\":\"ListItem\",\"position\":1,\"name\":\"Home\",\"item\":\"https:\\\/\\\/joxovurdnews.am\\\/\"},{\"@type\":\"ListItem\",\"position\":2,\"name\":\"Rafael Nadal annonce sa retraite du tennis et l\u2019arriv\u00e9e de son deuxi\u00e8me enfant\"}]},{\"@type\":\"WebSite\",\"@id\":\"https:\\\/\\\/joxovurdnews.am\\\/#website\",\"url\":\"https:\\\/\\\/joxovurdnews.am\\\/\",\"name\":\"\",\"description\":\"\",\"potentialAction\":[{\"@type\":\"SearchAction\",\"target\":{\"@type\":\"EntryPoint\",\"urlTemplate\":\"https:\\\/\\\/joxovurdnews.am\\\/?s={search_term_string}\"},\"query-input\":{\"@type\":\"PropertyValueSpecification\",\"valueRequired\":true,\"valueName\":\"search_term_string\"}}],\"inLanguage\":\"en-US\"},{\"@type\":\"Person\",\"@id\":\"https:\\\/\\\/joxovurdnews.am\\\/#\\\/schema\\\/person\\\/4d367c54c9e2a9d36db9eaf33a76a84d\",\"name\":\"admin\",\"image\":{\"@type\":\"ImageObject\",\"inLanguage\":\"en-US\",\"@id\":\"https:\\\/\\\/secure.gravatar.com\\\/avatar\\\/0ed435f9e4056e0930898ce78c89fa82fe18d3c798c761c71f1f33be878b3b0b?s=96&d=mm&r=g\",\"url\":\"https:\\\/\\\/secure.gravatar.com\\\/avatar\\\/0ed435f9e4056e0930898ce78c89fa82fe18d3c798c761c71f1f33be878b3b0b?s=96&d=mm&r=g\",\"contentUrl\":\"https:\\\/\\\/secure.gravatar.com\\\/avatar\\\/0ed435f9e4056e0930898ce78c89fa82fe18d3c798c761c71f1f33be878b3b0b?s=96&d=mm&r=g\",\"caption\":\"admin\"},\"sameAs\":[\"http:\\\/\\\/joxovurdnews.am\"],\"url\":\"http:\\\/\\\/joxovurdnews.am\\\/?author=1\"}]}<\/script>\n<!-- \/ Yoast SEO plugin. -->","yoast_head_json":{"title":"Rafael Nadal annonce sa retraite du tennis et l\u2019arriv\u00e9e de son deuxi\u00e8me enfant -","robots":{"index":"index","follow":"follow","max-snippet":"max-snippet:-1","max-image-preview":"max-image-preview:large","max-video-preview":"max-video-preview:-1"},"canonical":"http:\/\/joxovurdnews.am\/?p=3370","og_locale":"en_US","og_type":"article","og_title":"Rafael Nadal annonce sa retraite du tennis et l\u2019arriv\u00e9e de son deuxi\u00e8me enfant -","og_description":"Le monde du sport est sous le choc apr\u00e8s l\u2019annonce inattendue de Rafael Nadal : il met officiellement fin \u00e0 sa carri\u00e8re de","og_url":"http:\/\/joxovurdnews.am\/?p=3370","article_published_time":"2025-02-11T19:09:40+00:00","article_modified_time":"2025-02-11T19:09:42+00:00","og_image":[{"width":1740,"height":2050,"url":"http:\/\/joxovurdnews.am\/wp-content\/uploads\/2025\/02\/52630.jpeg","type":"image\/jpeg"}],"author":"admin","twitter_card":"summary_large_image","twitter_misc":{"Written by":"admin","Est. reading time":"3 minutes"},"schema":{"@context":"https:\/\/schema.org","@graph":[{"@type":"Article","@id":"http:\/\/joxovurdnews.am\/?p=3370#article","isPartOf":{"@id":"http:\/\/joxovurdnews.am\/?p=3370"},"author":{"name":"admin","@id":"https:\/\/joxovurdnews.am\/#\/schema\/person\/4d367c54c9e2a9d36db9eaf33a76a84d"},"headline":"Rafael Nadal annonce sa retraite du tennis et l\u2019arriv\u00e9e de son deuxi\u00e8me enfant","datePublished":"2025-02-11T19:09:40+00:00","dateModified":"2025-02-11T19:09:42+00:00","mainEntityOfPage":{"@id":"http:\/\/joxovurdnews.am\/?p=3370"},"wordCount":458,"commentCount":0,"image":{"@id":"http:\/\/joxovurdnews.am\/?p=3370#primaryimage"},"thumbnailUrl":"http:\/\/joxovurdnews.am\/wp-content\/uploads\/2025\/02\/52630.jpeg","articleSection":["NEWS","Video"],"inLanguage":"en-US","potentialAction":[{"@type":"CommentAction","name":"Comment","target":["http:\/\/joxovurdnews.am\/?p=3370#respond"]}]},{"@type":"WebPage","@id":"http:\/\/joxovurdnews.am\/?p=3370","url":"http:\/\/joxovurdnews.am\/?p=3370","name":"Rafael Nadal annonce sa retraite du tennis et l\u2019arriv\u00e9e de son deuxi\u00e8me enfant -","isPartOf":{"@id":"https:\/\/joxovurdnews.am\/#website"},"primaryImageOfPage":{"@id":"http:\/\/joxovurdnews.am\/?p=3370#primaryimage"},"image":{"@id":"http:\/\/joxovurdnews.am\/?p=3370#primaryimage"},"thumbnailUrl":"http:\/\/joxovurdnews.am\/wp-content\/uploads\/2025\/02\/52630.jpeg","datePublished":"2025-02-11T19:09:40+00:00","dateModified":"2025-02-11T19:09:42+00:00","author":{"@id":"https:\/\/joxovurdnews.am\/#\/schema\/person\/4d367c54c9e2a9d36db9eaf33a76a84d"},"breadcrumb":{"@id":"http:\/\/joxovurdnews.am\/?p=3370#breadcrumb"},"inLanguage":"en-US","potentialAction":[{"@type":"ReadAction","target":["http:\/\/joxovurdnews.am\/?p=3370"]}]},{"@type":"ImageObject","inLanguage":"en-US","@id":"http:\/\/joxovurdnews.am\/?p=3370#primaryimage","url":"http:\/\/joxovurdnews.am\/wp-content\/uploads\/2025\/02\/52630.jpeg","contentUrl":"http:\/\/joxovurdnews.am\/wp-content\/uploads\/2025\/02\/52630.jpeg","width":1740,"height":2050},{"@type":"BreadcrumbList","@id":"http:\/\/joxovurdnews.am\/?p=3370#breadcrumb","itemListElement":[{"@type":"ListItem","position":1,"name":"Home","item":"https:\/\/joxovurdnews.am\/"},{"@type":"ListItem","position":2,"name":"Rafael Nadal annonce sa retraite du tennis et l\u2019arriv\u00e9e de son deuxi\u00e8me enfant"}]},{"@type":"WebSite","@id":"https:\/\/joxovurdnews.am\/#website","url":"https:\/\/joxovurdnews.am\/","name":"","description":"","potentialAction":[{"@type":"SearchAction","target":{"@type":"EntryPoint","urlTemplate":"https:\/\/joxovurdnews.am\/?s={search_term_string}"},"query-input":{"@type":"PropertyValueSpecification","valueRequired":true,"valueName":"search_term_string"}}],"inLanguage":"en-US"},{"@type":"Person","@id":"https:\/\/joxovurdnews.am\/#\/schema\/person\/4d367c54c9e2a9d36db9eaf33a76a84d","name":"admin","image":{"@type":"ImageObject","inLanguage":"en-US","@id":"https:\/\/secure.gravatar.com\/avatar\/0ed435f9e4056e0930898ce78c89fa82fe18d3c798c761c71f1f33be878b3b0b?s=96&d=mm&r=g","url":"https:\/\/secure.gravatar.com\/avatar\/0ed435f9e4056e0930898ce78c89fa82fe18d3c798c761c71f1f33be878b3b0b?s=96&d=mm&r=g","contentUrl":"https:\/\/secure.gravatar.com\/avatar\/0ed435f9e4056e0930898ce78c89fa82fe18d3c798c761c71f1f33be878b3b0b?s=96&d=mm&r=g","caption":"admin"},"sameAs":["http:\/\/joxovurdnews.am"],"url":"http:\/\/joxovurdnews.am\/?author=1"}]}},"views":427,"_links":{"self":[{"href":"http:\/\/joxovurdnews.am\/index.php?rest_route=\/wp\/v2\/posts\/3370","targetHints":{"allow":["GET"]}}],"collection":[{"href":"http:\/\/joxovurdnews.am\/index.php?rest_route=\/wp\/v2\/posts"}],"about":[{"href":"http:\/\/joxovurdnews.am\/index.php?rest_route=\/wp\/v2\/types\/post"}],"author":[{"embeddable":true,"href":"http:\/\/joxovurdnews.am\/index.php?rest_route=\/wp\/v2\/users\/1"}],"replies":[{"embeddable":true,"href":"http:\/\/joxovurdnews.am\/index.php?rest_route=%2Fwp%2Fv2%2Fcomments&post=3370"}],"version-history":[{"count":1,"href":"http:\/\/joxovurdnews.am\/index.php?rest_route=\/wp\/v2\/posts\/3370\/revisions"}],"predecessor-version":[{"id":3372,"href":"http:\/\/joxovurdnews.am\/index.php?rest_route=\/wp\/v2\/posts\/3370\/revisions\/3372"}],"wp:featuredmedia":[{"embeddable":true,"href":"http:\/\/joxovurdnews.am\/index.php?rest_route=\/wp\/v2\/media\/3371"}],"wp:attachment":[{"href":"http:\/\/joxovurdnews.am\/index.php?rest_route=%2Fwp%2Fv2%2Fmedia&parent=3370"}],"wp:term":[{"taxonomy":"category","embeddable":true,"href":"http:\/\/joxovurdnews.am\/index.php?rest_route=%2Fwp%2Fv2%2Fcategories&post=3370"},{"taxonomy":"post_tag","embeddable":true,"href":"http:\/\/joxovurdnews.am\/index.php?rest_route=%2Fwp%2Fv2%2Ftags&post=3370"}],"curies":[{"name":"wp","href":"https:\/\/api.w.org\/{rel}","templated":true}]}}